{"id":402,"date":"2024-08-17T14:42:43","date_gmt":"2024-08-17T14:42:43","guid":{"rendered":"https:\/\/www.elregional.cl\/?p=402"},"modified":"2024-08-17T14:42:43","modified_gmt":"2024-08-17T14:42:43","slug":"pronostican-para-seis-regiones-del-pais-temperaturas-extremas-que-pueden-llegar-a-los-4c","status":"publish","type":"post","link":"https:\/\/www.elregional.cl\/?p=402","title":{"rendered":"Pronostican para seis regiones del pa\u00eds temperaturas extremas que pueden llegar a los -4\u00b0C"},"content":{"rendered":"<p>Por: Andr\u00e9s Sandoval Z.<\/p>\n<p>Este fen\u00f3meno afectar\u00e1 a las regiones de <strong>Valpara\u00edso; Metropolitana; O\u2019Higgins; Maule; \u00d1uble y B\u00edo B\u00edo<\/strong>, con temperaturas\u00a0<strong>m\u00ednimas que llegar\u00e1n hasta los -4\u00b0C<\/strong>. Lo anterior se manifestar\u00e1 entre los d\u00edas lunes 19 haata el mi\u00e9rcoles 21 de agosto.<\/p>\n<p>Seg\u00fan la secci\u00f3n de Meteorolog\u00eda Agr\u00edcola de la DMC, \u201c<strong>se trata de un fen\u00f3meno clim\u00e1tico de alta presi\u00f3n con caracter\u00edsticas fr\u00edas<\/strong>, acompa\u00f1ado de vientos d\u00e9biles en la madrugada, lo que favorecer\u00e1 la ocurrencia de estas heladas\u201d. Las temperaturas m\u00e1s extremas se prev\u00e9n en las zonas precordilleranas de las regiones de \u00d1uble y B\u00edo B\u00edo.<\/p>\n","protected":false},"excerpt":{"rendered":"<p>Por: Andr\u00e9s Sandoval Z. Este fen\u00f3meno afectar\u00e1 a las regiones de Valpara\u00edso; Metropolitana; O\u2019Higgins; Maule; \u00d1uble y B\u00edo B\u00edo, con temperaturas\u00a0m\u00ednimas que llegar\u00e1n hasta los -4\u00b0C. Lo anterior se manifestar\u00e1 entre los d\u00edas lunes 19 haata el mi\u00e9rcoles 21 de agosto. Seg\u00fan la secci\u00f3n de Meteorolog\u00eda Agr\u00edcola de la DMC, \u201cse trata de un fen\u00f3meno &hellip;<\/p>\n","protected":false},"author":2,"featured_media":0,"comment_status":"closed","ping_status":"closed","sticky":false,"template":"","format":"standard","meta":{"footnotes":""},"categories":[3],"tags":[],"class_list":["post-402","post","type-post","status-publish","format-standard","hentry","category-pais"],"_links":{"self":[{"href":"https:\/\/www.elregional.cl\/index.php?rest_route=\/wp\/v2\/posts\/402","targetHints":{"allow":["GET"]}}],"collection":[{"href":"https:\/\/www.elregional.cl\/index.php?rest_route=\/wp\/v2\/posts"}],"about":[{"href":"https:\/\/www.elregional.cl\/index.php?rest_route=\/wp\/v2\/types\/post"}],"author":[{"embeddable":true,"href":"https:\/\/www.elregional.cl\/index.php?rest_route=\/wp\/v2\/users\/2"}],"replies":[{"embeddable":true,"href":"https:\/\/www.elregional.cl\/index.php?rest_route=%2Fwp%2Fv2%2Fcomments&post=402"}],"version-history":[{"count":1,"href":"https:\/\/www.elregional.cl\/index.php?rest_route=\/wp\/v2\/posts\/402\/revisions"}],"predecessor-version":[{"id":404,"href":"https:\/\/www.elregional.cl\/index.php?rest_route=\/wp\/v2\/posts\/402\/revisions\/404"}],"wp:attachment":[{"href":"https:\/\/www.elregional.cl\/index.php?rest_route=%2Fwp%2Fv2%2Fmedia&parent=402"}],"wp:term":[{"taxonomy":"category","embeddable":true,"href":"https:\/\/www.elregional.cl\/index.php?rest_route=%2Fwp%2Fv2%2Fcategories&post=402"},{"taxonomy":"post_tag","embeddable":true,"href":"https:\/\/www.elregional.cl\/index.php?rest_route=%2Fwp%2Fv2%2Ftags&post=402"}],"curies":[{"name":"wp","href":"https:\/\/api.w.org\/{rel}","templated":true}]}}