{"id":4035,"date":"2025-03-23T09:35:15","date_gmt":"2025-03-23T09:35:15","guid":{"rendered":"https:\/\/www.elregional.cl\/?p=4035"},"modified":"2025-03-23T09:35:15","modified_gmt":"2025-03-23T09:35:15","slug":"nuevas-bajas-en-la-roja-para-su-decisivo-encuentro-frente-a-ecuador","status":"publish","type":"post","link":"https:\/\/www.elregional.cl\/?p=4035","title":{"rendered":"Nuevas bajas en la Roja para su decisivo encuentro frente a Ecuador"},"content":{"rendered":"<p>Esta semana La Roja perdi\u00f3 ante la selecci\u00f3n de Paraguay por la cuenta m\u00ednima, reduciendo a\u00fan m\u00e1s sus casi nulas posibilidades de clasificar al pr\u00f3ximo Mundial. Los comandados por Ricardo Gareca deben volver a la cancha este martes para jugar un duelo con sabor a una final, ya que se miden ante Ecuador.<\/p>\n<p>La \u00faltima chance del Tigre de llegar a los puntos necesarios para quedar en el puesto del repechaje, sin embargo, el estratega est\u00e1 expectante a la evoluci\u00f3n de dos jugadores muy importantes que en las \u00faltimas horas han presentado molestias f\u00edsicas.<\/p>\n<p>Guillemo Marip\u00e1n fue titular en el \u00faltimo partido, pero de acuerdo a lo informado por Radio ADN, el zaguero sufre de complicaciones f\u00edsicas, y tuvo que acudir a la Cl\u00ednica Meds para someterse a ex\u00e1menes m\u00e9dicos, y realiz\u00f3 trabajos diferenciados junto a otro crack.<\/p>\n<p>Alexis S\u00e1nchez se qued\u00f3 abajo del avi\u00f3n que vol\u00f3 a Asunci\u00f3n para enfrentar a los guaran\u00edes, con la intenci\u00f3n de cuidarlo para el partido ante Ecuador. Sin embargo, su fatiga muscular permanece generando molestias y lo obliga a no entrenar con normalidad.<\/p>\n<p>Con Chile en el \u00faltimo puesto de la tabla de clasificaciones, Ricardo Gareca debe hacer todo lo posible por asegurar una victoria, y cualquier otro resultado sepulta las chances de ir al Mundial del 2026.<\/p>\n","protected":false},"excerpt":{"rendered":"<p>Esta semana La Roja perdi\u00f3 ante la selecci\u00f3n de Paraguay por la cuenta m\u00ednima, reduciendo a\u00fan m\u00e1s sus casi nulas posibilidades de clasificar al pr\u00f3ximo Mundial. Los comandados por Ricardo Gareca deben volver a la cancha este martes para jugar un duelo con sabor a una final, ya que se miden ante Ecuador. La \u00faltima &hellip;<\/p>\n","protected":false},"author":2,"featured_media":0,"comment_status":"closed","ping_status":"closed","sticky":false,"template":"","format":"standard","meta":{"footnotes":""},"categories":[5],"tags":[],"class_list":["post-4035","post","type-post","status-publish","format-standard","hentry","category-deportes"],"_links":{"self":[{"href":"https:\/\/www.elregional.cl\/index.php?rest_route=\/wp\/v2\/posts\/4035","targetHints":{"allow":["GET"]}}],"collection":[{"href":"https:\/\/www.elregional.cl\/index.php?rest_route=\/wp\/v2\/posts"}],"about":[{"href":"https:\/\/www.elregional.cl\/index.php?rest_route=\/wp\/v2\/types\/post"}],"author":[{"embeddable":true,"href":"https:\/\/www.elregional.cl\/index.php?rest_route=\/wp\/v2\/users\/2"}],"replies":[{"embeddable":true,"href":"https:\/\/www.elregional.cl\/index.php?rest_route=%2Fwp%2Fv2%2Fcomments&post=4035"}],"version-history":[{"count":1,"href":"https:\/\/www.elregional.cl\/index.php?rest_route=\/wp\/v2\/posts\/4035\/revisions"}],"predecessor-version":[{"id":4037,"href":"https:\/\/www.elregional.cl\/index.php?rest_route=\/wp\/v2\/posts\/4035\/revisions\/4037"}],"wp:attachment":[{"href":"https:\/\/www.elregional.cl\/index.php?rest_route=%2Fwp%2Fv2%2Fmedia&parent=4035"}],"wp:term":[{"taxonomy":"category","embeddable":true,"href":"https:\/\/www.elregional.cl\/index.php?rest_route=%2Fwp%2Fv2%2Fcategories&post=4035"},{"taxonomy":"post_tag","embeddable":true,"href":"https:\/\/www.elregional.cl\/index.php?rest_route=%2Fwp%2Fv2%2Ftags&post=4035"}],"curies":[{"name":"wp","href":"https:\/\/api.w.org\/{rel}","templated":true}]}}