{"id":4042,"date":"2025-03-23T15:17:53","date_gmt":"2025-03-23T15:17:53","guid":{"rendered":"https:\/\/www.elregional.cl\/?p=4042"},"modified":"2025-03-23T15:17:53","modified_gmt":"2025-03-23T15:17:53","slug":"venezuela-anuncia-la-reanudacion-de-las-repatriaciones-de-deportados-desde-ee-uu","status":"publish","type":"post","link":"https:\/\/www.elregional.cl\/?p=4042","title":{"rendered":"Venezuela anuncia la reanudaci\u00f3n de las repatriaciones de deportados desde EE.UU"},"content":{"rendered":"<div class=\"div_titulo\">\n<h1 id=\"ucDetalle_TituloNoticia\"><\/h1>\n<\/div>\n<div class=\"div_h2\">\n<h5 id=\"ucDetalle_BajadaNoticia\">Emol.cl<\/h5>\n<h5>El hecho se conoce una semana despu\u00e9s del traslado de 238 venezolanos a una c\u00e1rcel de m\u00e1xima seguridad en El Salvador.<\/h5>\n<\/div>\n<div class=\"contenedor-columnas\" data-vista=\"relato\">\n<div class=\"box-central\">\n<div class=\"mrcdr_cont_relato\"><\/div>\n<\/div>\n<div class=\"box-columna\"><b>Venezuela anunci\u00f3 que reanudar\u00e1n a partir del domingo los vuelos de deportados por Estados Unidos.<\/b><\/div>\n<\/div>\n<div id=\"ucDetalle_CuerpoNoticia\" class=\"cuerpo_noticia cuerpo_noti_height_full\">\n<div><\/div>\n<div>\u00abHemos acordado reanudar con el gobierno de los EE.UU. la repatriaci\u00f3n de migrantes venezolanos con un vuelo inicial ma\u00f1ana domingo 23 de marzo\u00bb, se\u00f1al\u00f3 en un comunicado el presidente de la Asamblea Nacional y jefe negociador del gobierno venezolano,\u00a0<b>Jorge Rodr\u00edguez.<\/b><\/div>\n<div><\/div>\n<div>\n<div id=\"contRelacionadas_1161239-1161094\">\n<div class=\"flo_left cont_items_detalle_50\">\n<div class=\"flo_left bor_cont_img_mas_vistas cont_sec_emol sec_mas_vistas_emol\">\n<div class=\"cont_tit_sec_emol bg_tit_sec bor_tit_sec\"><\/div>\n<\/div>\n<\/div>\n<\/div>\n<\/div>\n<div>El anuncio llega una semana despu\u00e9s de la deportaci\u00f3n de 238 venezolanos al Centro de Confinamiento del Terrorismo (Cecot), una c\u00e1rcel de m\u00e1xima seguridad en El Salvador, un hecho que el presidente\u00a0<b>Nicol\u00e1s Maduro<\/b>\u00a0tach\u00f3 de \u00absecuestro\u00bb.<\/div>\n<div><\/div>\n<div>El ritmo de las deportaciones ha sido cuestionado por la administraci\u00f3n del presidente estadounidense,\u00a0<b>Donald Trump,<\/b>\u00a0quien a modo de represalia revoc\u00f3 la licencia que permit\u00eda a la petrolera estadounidense Chevron operar en Venezuela.<\/div>\n<div><\/div>\n<div>Caracas, por su lado, denunci\u00f3 el jueves\u00a0<b>que el Departamento de Estado estadounidense estaba \u00abbloqueando\u00bb los vuelos de repatriaci\u00f3n hacia el pa\u00eds caribe\u00f1o.<\/b><\/div>\n<div><\/div>\n<div>En tanto, Estados Unidos apunta que los venezolanos llevados a El Salvador son parte del Tren de Aragua, organizaci\u00f3n criminal internacional surgida en Venezuela declarada organizaci\u00f3n terrorista por Trump.<\/div>\n<\/div>\n","protected":false},"excerpt":{"rendered":"<p>Emol.cl El hecho se conoce una semana despu\u00e9s del traslado de 238 venezolanos a una c\u00e1rcel de m\u00e1xima seguridad en El Salvador. Venezuela anunci\u00f3 que reanudar\u00e1n a partir del domingo los vuelos de deportados por Estados Unidos. \u00abHemos acordado reanudar con el gobierno de los EE.UU. la repatriaci\u00f3n de migrantes venezolanos con un vuelo inicial &hellip;<\/p>\n","protected":false},"author":2,"featured_media":0,"comment_status":"closed","ping_status":"closed","sticky":false,"template":"","format":"standard","meta":{"footnotes":""},"categories":[4],"tags":[],"class_list":["post-4042","post","type-post","status-publish","format-standard","hentry","category-mundo"],"_links":{"self":[{"href":"https:\/\/www.elregional.cl\/index.php?rest_route=\/wp\/v2\/posts\/4042","targetHints":{"allow":["GET"]}}],"collection":[{"href":"https:\/\/www.elregional.cl\/index.php?rest_route=\/wp\/v2\/posts"}],"about":[{"href":"https:\/\/www.elregional.cl\/index.php?rest_route=\/wp\/v2\/types\/post"}],"author":[{"embeddable":true,"href":"https:\/\/www.elregional.cl\/index.php?rest_route=\/wp\/v2\/users\/2"}],"replies":[{"embeddable":true,"href":"https:\/\/www.elregional.cl\/index.php?rest_route=%2Fwp%2Fv2%2Fcomments&post=4042"}],"version-history":[{"count":1,"href":"https:\/\/www.elregional.cl\/index.php?rest_route=\/wp\/v2\/posts\/4042\/revisions"}],"predecessor-version":[{"id":4044,"href":"https:\/\/www.elregional.cl\/index.php?rest_route=\/wp\/v2\/posts\/4042\/revisions\/4044"}],"wp:attachment":[{"href":"https:\/\/www.elregional.cl\/index.php?rest_route=%2Fwp%2Fv2%2Fmedia&parent=4042"}],"wp:term":[{"taxonomy":"category","embeddable":true,"href":"https:\/\/www.elregional.cl\/index.php?rest_route=%2Fwp%2Fv2%2Fcategories&post=4042"},{"taxonomy":"post_tag","embeddable":true,"href":"https:\/\/www.elregional.cl\/index.php?rest_route=%2Fwp%2Fv2%2Ftags&post=4042"}],"curies":[{"name":"wp","href":"https:\/\/api.w.org\/{rel}","templated":true}]}}