{"id":4065,"date":"2025-03-24T04:02:16","date_gmt":"2025-03-24T04:02:16","guid":{"rendered":"https:\/\/www.elregional.cl\/?p=4065"},"modified":"2025-03-24T04:02:16","modified_gmt":"2025-03-24T04:02:16","slug":"piloto-clemente-huerta-se-prepara-para-su-debut-en-la-f4-united-states-championship","status":"publish","type":"post","link":"https:\/\/www.elregional.cl\/?p=4065","title":{"rendered":"Piloto Clemente Huerta se prepara para su debut en la F4 United States Championship"},"content":{"rendered":"<header class=\"main-article__header | all:margin-block-end-24\">\n<div class=\"main-article__socials main-article-socials | all:margin-block-start-4\">A pocos d\u00edas de su estreno en la F4 United States Championship, el joven piloto chileno Clemente Huerta ultima detalles para representar a la escuder\u00eda Velox Racing en un torneo que contar\u00e1 con siete fechas. En cada jornada se disputar\u00e1n tres carreras, otorgando puntaje tanto para el ranking de la categor\u00eda como para la S\u00faper Licencia de la F\u00f3rmula 1, el gran objetivo del deportista de 16 a\u00f1os.<\/div>\n<\/header>\n<div class=\"main-article__body main-layout\">\n<section class=\"main-article__content main-layout__item\">\n<div class=\"main-article__text main-article-text | js-content-post | all:margin-block-start-20 all:margin-block-end-24\">\n<h3><strong>Un paso clave en su camino a la F1<\/strong><\/h3>\n<p>El campeonato dar\u00e1 inicio entre el 27 y el 30 de marzo en el circuito Nola Motorsports Park de Avondale, Luisiana. En este mismo certamen tambi\u00e9n competir\u00e1 su compatriota y compa\u00f1ero de equipo, Nicol\u00e1s Ambiado, aunque en la categor\u00eda F\u00f3rmula Regional Americas.<\/p>\n<p>Huerta, actual campe\u00f3n nacional de karting en la categor\u00eda Rotax Max Challenge Senior, busca avanzar progresivamente en el automovilismo. Su plan contempla seguir el camino l\u00f3gico hacia la F\u00f3rmula 1, comenzando este 2025 en la F4, para luego subir a la F\u00f3rmula Regional Americas en 2026. En 2027 espera competir en la F3 FIA y en 2028 alcanzar la F2 FIA, antesala de la m\u00e1xima categor\u00eda del automovilismo mundial.<\/p>\n<\/div>\n<\/section>\n<\/div>\n","protected":false},"excerpt":{"rendered":"<p>A pocos d\u00edas de su estreno en la F4 United States Championship, el joven piloto chileno Clemente Huerta ultima detalles para representar a la escuder\u00eda Velox Racing en un torneo que contar\u00e1 con siete fechas. En cada jornada se disputar\u00e1n tres carreras, otorgando puntaje tanto para el ranking de la categor\u00eda como para la S\u00faper &hellip;<\/p>\n","protected":false},"author":2,"featured_media":0,"comment_status":"closed","ping_status":"closed","sticky":false,"template":"","format":"standard","meta":{"footnotes":""},"categories":[5],"tags":[],"class_list":["post-4065","post","type-post","status-publish","format-standard","hentry","category-deportes"],"_links":{"self":[{"href":"https:\/\/www.elregional.cl\/index.php?rest_route=\/wp\/v2\/posts\/4065","targetHints":{"allow":["GET"]}}],"collection":[{"href":"https:\/\/www.elregional.cl\/index.php?rest_route=\/wp\/v2\/posts"}],"about":[{"href":"https:\/\/www.elregional.cl\/index.php?rest_route=\/wp\/v2\/types\/post"}],"author":[{"embeddable":true,"href":"https:\/\/www.elregional.cl\/index.php?rest_route=\/wp\/v2\/users\/2"}],"replies":[{"embeddable":true,"href":"https:\/\/www.elregional.cl\/index.php?rest_route=%2Fwp%2Fv2%2Fcomments&post=4065"}],"version-history":[{"count":1,"href":"https:\/\/www.elregional.cl\/index.php?rest_route=\/wp\/v2\/posts\/4065\/revisions"}],"predecessor-version":[{"id":4067,"href":"https:\/\/www.elregional.cl\/index.php?rest_route=\/wp\/v2\/posts\/4065\/revisions\/4067"}],"wp:attachment":[{"href":"https:\/\/www.elregional.cl\/index.php?rest_route=%2Fwp%2Fv2%2Fmedia&parent=4065"}],"wp:term":[{"taxonomy":"category","embeddable":true,"href":"https:\/\/www.elregional.cl\/index.php?rest_route=%2Fwp%2Fv2%2Fcategories&post=4065"},{"taxonomy":"post_tag","embeddable":true,"href":"https:\/\/www.elregional.cl\/index.php?rest_route=%2Fwp%2Fv2%2Ftags&post=4065"}],"curies":[{"name":"wp","href":"https:\/\/api.w.org\/{rel}","templated":true}]}}