{"id":4132,"date":"2025-03-29T17:25:26","date_gmt":"2025-03-29T17:25:26","guid":{"rendered":"https:\/\/www.elregional.cl\/?p=4132"},"modified":"2025-03-29T17:25:26","modified_gmt":"2025-03-29T17:25:26","slug":"un-fallecido-tras-colision-comuna-de-punitaqui","status":"publish","type":"post","link":"https:\/\/www.elregional.cl\/?p=4132","title":{"rendered":"Un fallecido tras colisi\u00f3n comuna de Punitaqui"},"content":{"rendered":"<div class=\"td-post-header\">\n<header class=\"td-post-title\">\n<h1 class=\"entry-title\"><\/h1>\n<div class=\"td-module-meta-info\"><\/div>\n<\/header>\n<\/div>\n<div class=\"td-post-content\">\n<div class=\"td-post-sharing td-post-sharing-top\">\n<div class=\"td-default-sharing\"><i class=\"td-icon-facebook\"><\/i>\u00a0<i class=\"td-icon-twitter\"><\/i>\u00a0<i class=\"td-icon-googleplus\"><\/i>\u00a0<i class=\"td-icon-pinterest\"><\/i>\u00a0<i class=\"td-icon-whatsapp\"><\/i><\/div>\n<\/div>\n<p><em><strong>DavidNoticias.cl<\/strong><\/em><\/p>\n<p><em><strong>Un fatal accidente de tr\u00e1nsito conmocion\u00f3 esta madrugada la ruta D-605, a la altura del kil\u00f3metro 23, comuna de Ovalle. El siniestro, del tipo colisi\u00f3n, dej\u00f3 como saldo un fallecido, quien viajaba como pasajero en uno de los veh\u00edculos involucrados.<\/strong><\/em><\/p>\n<p>El\u00a0<strong>capit\u00e1n Eduardo Garrido Tapia<\/strong>, jefe de Carabineros de La Serena, confirm\u00f3 que el llamado fue realizado por la Fiscal\u00eda Local de Ovalle para investigar el hecho.\u00a0<em>\u201cLamentablemente, result\u00f3 un pasajero fallecido. Se est\u00e1n realizando las diligencias correspondientes, incluyendo un levantamiento planim\u00e9trico, set fotogr\u00e1fico y pericias t\u00e9cnicas a los m\u00f3viles siniestrados\u201d<\/em>, indic\u00f3 el oficial.<\/p>\n<p>Las investigaciones, que buscan determinar las causas exactas del accidente, ser\u00e1n remitidas al\u00a0<strong>Ministerio P\u00fablico<\/strong>\u00a0una vez finalizadas. Mientras tanto, Carabineros hizo un llamado urgente a los conductores a\u00a0<strong>respetar las normas de tr\u00e1nsito, la se\u00f1alizaci\u00f3n y los l\u00edmites de velocidad<\/strong>, adem\u00e1s de evitar el consumo de alcohol y drogas al volante.<\/p>\n<p><em>\u201cEl alcohol y las drogas no van de la mano con la conducci\u00f3n\u201d<\/em>, recalc\u00f3 el capit\u00e1n Garrido, reiterando la importancia de la precauci\u00f3n en las v\u00edas.<\/p>\n<p>El nombre de la v\u00edctima mortal se mantiene en reserva hasta que se notifique a sus familiares. Las autoridades contin\u00faan trabajando en el lugar para esclarecer los detalles de este tr\u00e1gico suceso.<\/p>\n<\/div>\n","protected":false},"excerpt":{"rendered":"<p>\u00a0\u00a0\u00a0\u00a0 DavidNoticias.cl Un fatal accidente de tr\u00e1nsito conmocion\u00f3 esta madrugada la ruta D-605, a la altura del kil\u00f3metro 23, comuna de Ovalle. El siniestro, del tipo colisi\u00f3n, dej\u00f3 como saldo un fallecido, quien viajaba como pasajero en uno de los veh\u00edculos involucrados. El\u00a0capit\u00e1n Eduardo Garrido Tapia, jefe de Carabineros de La Serena, confirm\u00f3 que el &hellip;<\/p>\n","protected":false},"author":2,"featured_media":0,"comment_status":"closed","ping_status":"closed","sticky":false,"template":"","format":"standard","meta":{"footnotes":""},"categories":[2],"tags":[],"class_list":["post-4132","post","type-post","status-publish","format-standard","hentry","category-regionales"],"_links":{"self":[{"href":"https:\/\/www.elregional.cl\/index.php?rest_route=\/wp\/v2\/posts\/4132","targetHints":{"allow":["GET"]}}],"collection":[{"href":"https:\/\/www.elregional.cl\/index.php?rest_route=\/wp\/v2\/posts"}],"about":[{"href":"https:\/\/www.elregional.cl\/index.php?rest_route=\/wp\/v2\/types\/post"}],"author":[{"embeddable":true,"href":"https:\/\/www.elregional.cl\/index.php?rest_route=\/wp\/v2\/users\/2"}],"replies":[{"embeddable":true,"href":"https:\/\/www.elregional.cl\/index.php?rest_route=%2Fwp%2Fv2%2Fcomments&post=4132"}],"version-history":[{"count":1,"href":"https:\/\/www.elregional.cl\/index.php?rest_route=\/wp\/v2\/posts\/4132\/revisions"}],"predecessor-version":[{"id":4134,"href":"https:\/\/www.elregional.cl\/index.php?rest_route=\/wp\/v2\/posts\/4132\/revisions\/4134"}],"wp:attachment":[{"href":"https:\/\/www.elregional.cl\/index.php?rest_route=%2Fwp%2Fv2%2Fmedia&parent=4132"}],"wp:term":[{"taxonomy":"category","embeddable":true,"href":"https:\/\/www.elregional.cl\/index.php?rest_route=%2Fwp%2Fv2%2Fcategories&post=4132"},{"taxonomy":"post_tag","embeddable":true,"href":"https:\/\/www.elregional.cl\/index.php?rest_route=%2Fwp%2Fv2%2Ftags&post=4132"}],"curies":[{"name":"wp","href":"https:\/\/api.w.org\/{rel}","templated":true}]}}