{"id":4185,"date":"2025-03-30T21:40:01","date_gmt":"2025-03-30T21:40:01","guid":{"rendered":"https:\/\/www.elregional.cl\/?p=4185"},"modified":"2025-03-30T21:40:01","modified_gmt":"2025-03-30T21:40:01","slug":"aterriza-en-venezuela-avion-estadounidense-con-175-migrantes-deportados","status":"publish","type":"post","link":"https:\/\/www.elregional.cl\/?p=4185","title":{"rendered":"Aterriza en Venezuela avi\u00f3n estadounidense con 175 migrantes deportados"},"content":{"rendered":"<header class=\"header bbcl-app\">\n<div class=\"navbar\">\n<div class=\"btns-container\">\n<div class=\"sidebar-container\">\n<aside class=\"sidebar\">\n<div class=\"sidebar-tabs\">\n<div class=\"sections-tab\">\n<nav class=\"site-nav\">&nbsp;<\/p>\n<\/nav>\n<\/div>\n<\/div>\n<\/aside>\n<\/div>\n<\/div>\n<\/div>\n<\/header>\n<p><main id=\"content-container\"><\/p>\n<article id=\"post-6423412\" class=\"post  \" data-id=\"6423412\" data-url=\"https:\/\/www.biobiochile.cl\/noticias\/internacional\/eeuu\/2025\/03\/30\/aterriza-en-venezuela-avion-estadounidense-con-175-migrantes-deportados.shtml\">\n<div class=\"post-text-container\">\n<div class=\"author\">\n<div class=\"creditos-nota\">\n<div class=\"autores\"><\/div>\n<\/div>\n<\/div>\n<p class=\"politica-etica\">\n<\/div>\n<div class=\"post-visits-social-container\">\n<div class=\"post-visits-container\"><\/div>\n<div class=\"post-social-container\"><\/div>\n<\/div>\n<div class=\"container-resumen-ia\">\n<div id=\"resumen-ia\" class=\"resumen-ia\">\n<div class=\"mostrar-parrafo-resumen\">\n<div class=\"resumen-ia\"><img decoding=\"async\" class=\"imagen-icon\" src=\"https:\/\/www.biobiochile.cl\/assets\/biobiochile\/img\/resumen-ia\/icon.png\" \/><\/p>\n<h3 class=\"titulo-resumen\"><\/h3>\n<p><i class=\"fas fa-chevron-down\"><\/i><\/div>\n<\/div>\n<\/div>\n<\/div>\n<div class=\"post-content banners-contenido-nota-6423412\">\n<p>bb.cl<\/p>\n<p>Un avi\u00f3n estadounidense con <strong>175 migrantes de Venezuela deportados<\/strong>\u00a0aterriz\u00f3 este domingo en el pa\u00eds caribe\u00f1o, 54 personas menos de lo previsto, seg\u00fan la Administraci\u00f3n de Nicol\u00e1s Maduro, que atribuye la diferencia a un \u201cgran desorden\u201d por parte de las autoridades norteamericanas.<\/p>\n<div id=\"banner-contenido-nota-1-6423412\" data-google-query-id=\"CKbHqovhsowDFWY5uQYd6HMwZg\">\n<div id=\"google_ads_iframe_\/1098385\/biobiocl\/ad_middle1_0__container__\"><\/div>\n<\/div>\n<p>El vuelo lleg\u00f3 pasadas las 14:00 (hora local) al aeropuerto internacional Sim\u00f3n Bol\u00edvar de Maiquet\u00eda, en el estado costero de La Guaira (norte), donde se encontraba el titular de Interior, Diosdado Cabello.<\/p>\n<p>El n\u00famero dos del chavismo indic\u00f3 que, entre los deportados, hay \u201calguien de peso reclamado por la Justicia venezolana\u201d, aunque aclar\u00f3 que no es un miembro de la organizaci\u00f3n criminal transnacional Tren de Aragua. Se trata, prosigui\u00f3, de una \u201cpersona de nivel\u201d en una banda del estado Trujillo (oeste del pa\u00eds)<\/p>\n<\/div>\n<\/article>\n<p><\/main><\/p>\n","protected":false},"excerpt":{"rendered":"<p>&nbsp; bb.cl Un avi\u00f3n estadounidense con 175 migrantes de Venezuela deportados\u00a0aterriz\u00f3 este domingo en el pa\u00eds caribe\u00f1o, 54 personas menos de lo previsto, seg\u00fan la Administraci\u00f3n de Nicol\u00e1s Maduro, que atribuye la diferencia a un \u201cgran desorden\u201d por parte de las autoridades norteamericanas. El vuelo lleg\u00f3 pasadas las 14:00 (hora local) al aeropuerto internacional Sim\u00f3n &hellip;<\/p>\n","protected":false},"author":2,"featured_media":0,"comment_status":"closed","ping_status":"closed","sticky":false,"template":"","format":"standard","meta":{"footnotes":""},"categories":[4],"tags":[],"class_list":["post-4185","post","type-post","status-publish","format-standard","hentry","category-mundo"],"_links":{"self":[{"href":"https:\/\/www.elregional.cl\/index.php?rest_route=\/wp\/v2\/posts\/4185","targetHints":{"allow":["GET"]}}],"collection":[{"href":"https:\/\/www.elregional.cl\/index.php?rest_route=\/wp\/v2\/posts"}],"about":[{"href":"https:\/\/www.elregional.cl\/index.php?rest_route=\/wp\/v2\/types\/post"}],"author":[{"embeddable":true,"href":"https:\/\/www.elregional.cl\/index.php?rest_route=\/wp\/v2\/users\/2"}],"replies":[{"embeddable":true,"href":"https:\/\/www.elregional.cl\/index.php?rest_route=%2Fwp%2Fv2%2Fcomments&post=4185"}],"version-history":[{"count":1,"href":"https:\/\/www.elregional.cl\/index.php?rest_route=\/wp\/v2\/posts\/4185\/revisions"}],"predecessor-version":[{"id":4187,"href":"https:\/\/www.elregional.cl\/index.php?rest_route=\/wp\/v2\/posts\/4185\/revisions\/4187"}],"wp:attachment":[{"href":"https:\/\/www.elregional.cl\/index.php?rest_route=%2Fwp%2Fv2%2Fmedia&parent=4185"}],"wp:term":[{"taxonomy":"category","embeddable":true,"href":"https:\/\/www.elregional.cl\/index.php?rest_route=%2Fwp%2Fv2%2Fcategories&post=4185"},{"taxonomy":"post_tag","embeddable":true,"href":"https:\/\/www.elregional.cl\/index.php?rest_route=%2Fwp%2Fv2%2Ftags&post=4185"}],"curies":[{"name":"wp","href":"https:\/\/api.w.org\/{rel}","templated":true}]}}