{"id":4213,"date":"2025-03-30T22:19:05","date_gmt":"2025-03-30T22:19:05","guid":{"rendered":"https:\/\/www.elregional.cl\/?p=4213"},"modified":"2025-03-30T22:19:05","modified_gmt":"2025-03-30T22:19:05","slug":"panama-cancela-registro-a-107-buques-de-su-flota-por-sanciones-internacionales","status":"publish","type":"post","link":"https:\/\/www.elregional.cl\/?p=4213","title":{"rendered":"Panam\u00e1 cancela registro a 107 buques de su flota por sanciones internacionales"},"content":{"rendered":"<header class=\"entry-header\"><\/header>\n<div class=\"entry-content clearfix\">\n<p><strong><a href=\"https:\/\/www.linkedin.com\/company\/portalportuario-cl\/\" target=\"_blank\" rel=\"noopener\">@PortalPortuario<\/a><\/strong><\/p>\n<hr \/>\n<p>La <strong>Autoridad Mar\u00edtima de Panam\u00e1 (AMP)<\/strong>\u00a0ha cancelado oficialmente el registro de 107 buques con bandera paname\u00f1a incluidos en la lista de sanciones internacionales. A estos se les suman otros 18 que se encuentran actualmente en proceso de anulaci\u00f3n.<\/p>\n<p>\u201cEsta acci\u00f3n se enmarca en el Decreto Ejecutivo No. 512 del 18 de octubre de 2024, que otorga a la AMP la facultad de cancelar unilateralmente el registro de buques, as\u00ed como de personas f\u00edsicas y armadores registrados, que aparezcan en listas de sanciones internacionales. Los buques cancelados hab\u00edan sido identificados por problemas de cumplimiento o estaban incluidos en la lista de sanciones emitida por la OFAC, la Uni\u00f3n Europea y el Reino Unido\u201d, comunic\u00f3 la entidad paname\u00f1a.<\/p>\n<p>\u201cHist\u00f3ricamente, la baja de las embarcaciones involucradas en actividades il\u00edcitas se realizaba conforme a la Ley General de la Marina Mercante (Ley N.\u00b0 57), espec\u00edficamente en su art\u00edculo 49, que establec\u00eda los criterios para dichos procedimientos. Sin embargo, los largos plazos de tramitaci\u00f3n -aproximadamente tres meses- afectaron la imagen internacional de la bandera paname\u00f1a\u201d, complement\u00f3.<\/p>\n<p>En l\u00ednea con lo anterior, la AMP puntualiz\u00f3 que para agilizar este proceso y evitar que los nav\u00edos sancionados contin\u00faen operaciones, el Gobierno paname\u00f1o promulg\u00f3 el Decreto Ejecutivo No. 512, que permite la cancelaci\u00f3n inmediata del registro de buques cuyos propietarios o naves aparezcan en las listas de sanciones internacionales especificadas en el decreto.<\/p>\n<\/div>\n","protected":false},"excerpt":{"rendered":"<p>@PortalPortuario La Autoridad Mar\u00edtima de Panam\u00e1 (AMP)\u00a0ha cancelado oficialmente el registro de 107 buques con bandera paname\u00f1a incluidos en la lista de sanciones internacionales. A estos se les suman otros 18 que se encuentran actualmente en proceso de anulaci\u00f3n. \u201cEsta acci\u00f3n se enmarca en el Decreto Ejecutivo No. 512 del 18 de octubre de 2024, &hellip;<\/p>\n","protected":false},"author":2,"featured_media":0,"comment_status":"closed","ping_status":"closed","sticky":false,"template":"","format":"standard","meta":{"footnotes":""},"categories":[4],"tags":[],"class_list":["post-4213","post","type-post","status-publish","format-standard","hentry","category-mundo"],"_links":{"self":[{"href":"https:\/\/www.elregional.cl\/index.php?rest_route=\/wp\/v2\/posts\/4213","targetHints":{"allow":["GET"]}}],"collection":[{"href":"https:\/\/www.elregional.cl\/index.php?rest_route=\/wp\/v2\/posts"}],"about":[{"href":"https:\/\/www.elregional.cl\/index.php?rest_route=\/wp\/v2\/types\/post"}],"author":[{"embeddable":true,"href":"https:\/\/www.elregional.cl\/index.php?rest_route=\/wp\/v2\/users\/2"}],"replies":[{"embeddable":true,"href":"https:\/\/www.elregional.cl\/index.php?rest_route=%2Fwp%2Fv2%2Fcomments&post=4213"}],"version-history":[{"count":1,"href":"https:\/\/www.elregional.cl\/index.php?rest_route=\/wp\/v2\/posts\/4213\/revisions"}],"predecessor-version":[{"id":4215,"href":"https:\/\/www.elregional.cl\/index.php?rest_route=\/wp\/v2\/posts\/4213\/revisions\/4215"}],"wp:attachment":[{"href":"https:\/\/www.elregional.cl\/index.php?rest_route=%2Fwp%2Fv2%2Fmedia&parent=4213"}],"wp:term":[{"taxonomy":"category","embeddable":true,"href":"https:\/\/www.elregional.cl\/index.php?rest_route=%2Fwp%2Fv2%2Fcategories&post=4213"},{"taxonomy":"post_tag","embeddable":true,"href":"https:\/\/www.elregional.cl\/index.php?rest_route=%2Fwp%2Fv2%2Ftags&post=4213"}],"curies":[{"name":"wp","href":"https:\/\/api.w.org\/{rel}","templated":true}]}}