{"id":4265,"date":"2025-04-02T01:24:52","date_gmt":"2025-04-02T01:24:52","guid":{"rendered":"https:\/\/www.elregional.cl\/?p=4265"},"modified":"2025-04-02T01:24:52","modified_gmt":"2025-04-02T01:24:52","slug":"tpc-atiende-tres-buques-de-manera-simultanea-tras-finalizar-segunda-etapa-de-proyecto-de-modernizacion","status":"publish","type":"post","link":"https:\/\/www.elregional.cl\/?p=4265","title":{"rendered":"TPC atiende tres buques de manera simult\u00e1nea tras finalizar segunda etapa de proyecto de modernizaci\u00f3n"},"content":{"rendered":"<header class=\"entry-header\"><strong>Andres Sandoval Z.<\/strong><\/header>\n<div class=\"entry-content clearfix\">\n<hr \/>\n<p><strong>\u00a0(TPC)<\/strong>\u00a0atendi\u00f3 tres buques de manera simult\u00e1nea tras la\u00a0<a href=\"https:\/\/portalportuario.cl\/entran-en-operacion-sitios-1-y-2-de-puerto-de-coquimbo-tras-mejoras\/\" target=\"_blank\" rel=\"noopener\">finalizaci\u00f3n de la segunda etapa del\u00a0<strong>Proyecto de Modernizaci\u00f3n<\/strong>, lo que permiti\u00f3 reforzar la infraestructura de los\u00a0<strong>Sitios 1<\/strong>\u00a0y\u00a0<strong>2<\/strong><\/a>.<\/p>\n<p>Este es un hito que no ocurr\u00eda desde enero de 2024,\u00a0<a href=\"https:\/\/portalportuario.cl\/inauguran-oficialmente-primera-etapa-de-las-obras-de-modernizacion-del-puerto-de-coquimbo\/\" target=\"_blank\" rel=\"noopener\">un mes despu\u00e9s de la inauguraci\u00f3n del\u00a0<strong>Sitio 3<\/strong><\/a>, lo que fue parte de la primera parte del proceso de renovaci\u00f3n.<\/p>\n<p>En concreto, en el Sitio 1 el buque\u00a0<strong>CS Stratos<\/strong>, con 163 metros de eslora, complet\u00f3 el embarque de frutas frescas, \u201cun rubro clave para la econom\u00eda regional y con una alta demanda en los mercados internacionales\u201d, acot\u00f3 el concesionario del\u00a0<strong>Puerto de Coquimbo<\/strong>.<\/p>\n<p>Mientras tanto, en el Sitio 2 el crucero\u00a0<strong>SH Vega<\/strong>, de 113 metros de eslora, \u201cimpuls\u00f3 el turismo regional al recibir a los visitantes que exploraron la riqueza cultural y natural de Coquimbo\u201d, se\u00f1al\u00f3 TPC.<\/p>\n<p>Por su parte, en el Sitio 3 el buque\u00a0<strong>JNS Lake<\/strong>, de 180 metros de eslora, carg\u00f3 concentrado de cobre, \u201cuno de los principales productos de exportaci\u00f3n de Chile, consolidando a TPC como un actor clave en el comercio de minerales\u201d, puntualiz\u00f3 el operador.<\/p>\n<p>\u201cLa recalada simult\u00e1nea de tres buques en TPC, aunque supone un importante desaf\u00edo operacional, constituye tambi\u00e9n una clara demostraci\u00f3n de la consolidaci\u00f3n del puerto como un actor clave en la cadena log\u00edstica de la zona centro norte de Chile. Esta capacidad operativa no solo refleja el crecimiento y la modernizaci\u00f3n de las instalaciones portuarias, sino que tambi\u00e9n la eficiencia en los procesos de carga y descarga, garantizando tiempos \u00f3ptimos en las operaciones mar\u00edtimas\u201d, comunic\u00f3 TPC.<\/p>\n<p>En este sentido, el\u00a0<strong>Director Regional de Aduanas Pablo Zambrano Toledo<\/strong>, expres\u00f3 que \u201ces fundamental que Aduanas acompa\u00f1e el crecimiento del Puerto de Coquimbo con procesos m\u00e1s eficientes, transparentes y el uso de tecnolog\u00edas. Buscamos agilizar las operaciones de exportaci\u00f3n e importaci\u00f3n, asegurando el cumplimiento normativo de los operadores sin afectar la competitividad del comercio regional\u201d.<\/p>\n<p><strong>Laura Chiuminatto, gerente general de TPC<\/strong>, destac\u00f3 que \u201cestos tres buques simult\u00e1neos representan la diversidad de carga e identidades de Coquimbo, primero con un buque c\u00e1mara que lleva fruta a las costas de Estados Unidos, en donde la uva de mesa es la marca de la zona; luego el crucero, que refleja el potencial tur\u00edstico de la regi\u00f3n y en donde el puerto es un eslab\u00f3n clave de la industria. Y, por \u00faltimo, el concentrado de cobre, carga que representa sobre el 70% de las actuales exportaciones de TPC y que se mantiene todo el a\u00f1o su transferencia\u201d.<\/p>\n<\/div>\n","protected":false},"excerpt":{"rendered":"<p>Andres Sandoval Z. \u00a0(TPC)\u00a0atendi\u00f3 tres buques de manera simult\u00e1nea tras la\u00a0finalizaci\u00f3n de la segunda etapa del\u00a0Proyecto de Modernizaci\u00f3n, lo que permiti\u00f3 reforzar la infraestructura de los\u00a0Sitios 1\u00a0y\u00a02. Este es un hito que no ocurr\u00eda desde enero de 2024,\u00a0un mes despu\u00e9s de la inauguraci\u00f3n del\u00a0Sitio 3, lo que fue parte de la primera parte del proceso &hellip;<\/p>\n","protected":false},"author":2,"featured_media":0,"comment_status":"closed","ping_status":"closed","sticky":false,"template":"","format":"standard","meta":{"footnotes":""},"categories":[2],"tags":[],"class_list":["post-4265","post","type-post","status-publish","format-standard","hentry","category-regionales"],"_links":{"self":[{"href":"https:\/\/www.elregional.cl\/index.php?rest_route=\/wp\/v2\/posts\/4265","targetHints":{"allow":["GET"]}}],"collection":[{"href":"https:\/\/www.elregional.cl\/index.php?rest_route=\/wp\/v2\/posts"}],"about":[{"href":"https:\/\/www.elregional.cl\/index.php?rest_route=\/wp\/v2\/types\/post"}],"author":[{"embeddable":true,"href":"https:\/\/www.elregional.cl\/index.php?rest_route=\/wp\/v2\/users\/2"}],"replies":[{"embeddable":true,"href":"https:\/\/www.elregional.cl\/index.php?rest_route=%2Fwp%2Fv2%2Fcomments&post=4265"}],"version-history":[{"count":1,"href":"https:\/\/www.elregional.cl\/index.php?rest_route=\/wp\/v2\/posts\/4265\/revisions"}],"predecessor-version":[{"id":4267,"href":"https:\/\/www.elregional.cl\/index.php?rest_route=\/wp\/v2\/posts\/4265\/revisions\/4267"}],"wp:attachment":[{"href":"https:\/\/www.elregional.cl\/index.php?rest_route=%2Fwp%2Fv2%2Fmedia&parent=4265"}],"wp:term":[{"taxonomy":"category","embeddable":true,"href":"https:\/\/www.elregional.cl\/index.php?rest_route=%2Fwp%2Fv2%2Fcategories&post=4265"},{"taxonomy":"post_tag","embeddable":true,"href":"https:\/\/www.elregional.cl\/index.php?rest_route=%2Fwp%2Fv2%2Ftags&post=4265"}],"curies":[{"name":"wp","href":"https:\/\/api.w.org\/{rel}","templated":true}]}}