{"id":4386,"date":"2025-04-09T02:59:16","date_gmt":"2025-04-09T02:59:16","guid":{"rendered":"https:\/\/www.elregional.cl\/?p=4386"},"modified":"2025-04-09T02:59:16","modified_gmt":"2025-04-09T02:59:16","slug":"triunfazo-de-la-u-frente-a-estudiantes-en-argentina-por-la-libertadores","status":"publish","type":"post","link":"https:\/\/www.elregional.cl\/?p=4386","title":{"rendered":"Triunfazo de La U frente a Estudiantes en Argentina por la Libertadores"},"content":{"rendered":"<div>Triunfazo de la U en Argentina por la Copa Libertadores.<b>\u00a0Remont\u00f3 y venci\u00f3 2-1 a Estudiantes de La Plata, uno de los hist\u00f3ricos del continente.<\/b><\/div>\n<div><\/div>\n<div><b>Los azules tienen hasta ahora campa\u00f1a perfecta en el torneo.\u00a0<\/b>Al triunfo de este martes se le suma el de la semana pasada contra el campe\u00f3n Botafogo. Los dirigidos por Gustavo \u00c1lvarez son los \u00fanicos l\u00edderes del Grupo A con seis puntos y el pr\u00f3ximo 22 de abril visitar\u00e1n al Carabobo en Santiago<\/div>\n<div>\n<div id=\"contRelacionadas_1162981-1162991\">\n<div class=\"flo_left cont_items_detalle_50\">\n<div class=\"flo_left bor_cont_img_mas_vistas cont_sec_emol sec_mas_vistas_emol\">\n<div class=\"flo_left cont_descrip_noticia\">\n<article id=\"contNotRel_1162981\" class=\"flo_left cont_nota_relacionada\">\n<div class=\"flo_left content_img_noticia\"><\/div>\n<\/article>\n<\/div>\n<\/div>\n<\/div>\n<\/div>\n<\/div>\n<div>El partido tuvo un inicio fren\u00e9tico. A los 3&#8242; el local abri\u00f3 la cuenta. Tras un tiro de esquina, Gabriel Castell\u00f3n no sali\u00f3 con seguridad la defensa se descoordin\u00f3 y los rebotes favorecieron al \u00abPincha\u00bb. Castell\u00f3n le achic\u00f3 a Santiago Ascac\u00edbar,\u00a0<b>pero la pelota le cay\u00f3 a Ezequiel Piovi y convirti\u00f3.<\/b><\/div>\n<div><\/div>\n<div>Sin embargo, la U r\u00e1pido lo empat\u00f3. Lucas Di Yorio se meti\u00f3 al \u00e1rea y Ramiro Funes Mori lo baj\u00f3.\u00a0<b>Claro penal y Charles Ar\u00e1nguiz lo cambi\u00f3 por gol a los 7&#8242;.<\/b><\/div>\n<div><\/div>\n<div>Solo tres minutos despu\u00e9s lleg\u00f3 el segundo de los estudiantiles. Luego de un c\u00f3rner, con algo de fortuna,\u00a0<b>Mat\u00edas Zaldivia captur\u00f3 un rebote y con una especia de chilena bati\u00f3 a Mat\u00edas Mansilla.<\/b><\/div>\n<div><\/div>\n<div>Pese a la ventaja, el equipo chileno no se escondi\u00f3. Trataba de jugar siempre lejos su \u00e1rea y recuperar en campo rival. Un partido inteligente que se sosten\u00eda en altos rendimientos individuales.\u00a0<b>Los centrales estaban firmes en los duelos y Di Yorio era un incordio para la defensa del due\u00f1o de casa.<\/b><\/div>\n<div><img loading=\"lazy\" decoding=\"async\" class=\"alignnone size-medium wp-image-4388\" src=\"https:\/\/www.elregional.cl\/wp-content\/uploads\/2025\/04\/file_20250408223850-300x242.jpg\" alt=\"\" width=\"300\" height=\"242\" \/><\/div>\n<div><b>\u00a0<\/b><\/div>\n<div>\n<div>Estudiantes, que el a\u00f1o pasado conquist\u00f3 dos t\u00edtulos en el f\u00fatbol argentino, fue con todo por el empate. Sin embargo, le faltaban ideas.<b>\u00a0La m\u00e1s clara que tuvo antes del descanso fue una de Tiago Palacios.\u00a0<\/b>El delantero recibi\u00f3 solo frente al arco, pero no defini\u00f3 bien. Del otro lado, Di Yorio casi consigue el tercero del cuadro laico.<\/div>\n<div><b>\u00a0<\/b><\/div>\n<div><b>La U no afloj\u00f3 en el segundo tiempo.\u00a0<\/b>Sigui\u00f3 siendo un equipo intenso que se negaba a echarse atr\u00e1s. El \u00abLe\u00f3n de La Plata\u00bb estaba confundido. No encontraba el camino, no era profundo y el p\u00fablico se exasper\u00f3 con la escuadra de Eduardo Dom\u00ednguez.<\/div>\n<div><\/div>\n<div>\n<div id=\"contRelacionada_1162995\">\n<div class=\"flo_left cont_items_detalle_50\">\n<div class=\"flo_left bor_cont_img_mas_vistas cont_sec_emol sec_mas_vistas_emol cont_noti_rel_single\">\n<div class=\"cont_tit_sec_emol bg_tit_sec bor_tit_sec\">A los 68&#8242; el \u00abPincharrata\u00bb empat\u00f3, pero se anul\u00f3 por una clara posici\u00f3n de adelanto.<b>\u00a0La visita comenz\u00f3 a sentir el desgaste. Sin embargo, mantuvo la concentraci\u00f3n y el orden en todo momento. \u00c1lvarez, adem\u00e1s, ley\u00f3 muy bien lo que pasaba y estuvo certero en los cambios.<\/b><\/div>\n<\/div>\n<\/div>\n<\/div>\n<\/div>\n<div><b>\u00a0<\/b><\/div>\n<div><b>En los minutos finales, Leandro Fern\u00e1ndez estuvo cerca en dos ocasiones. Primero el golero Mansilla le neg\u00f3 el gol y luego casi hace un golazo desde la mitad de cancha.<\/b>\u00a0Estudiantes, frustrado, solo inquiet\u00f3 con un bombazo de Palacios que sac\u00f3 Castell\u00f3n.<\/div>\n<div><b>\u00a0<\/b><\/div>\n<div><b>Noche inolvidable para la U en La Plata.<\/b>\u00a0Dio un gran paso para meterse en los octavos de la Libertadores y llega con la confianza muy arriba al Supercl\u00e1sico con Colo Colo del pr\u00f3ximo domingo.<\/div>\n<div><img loading=\"lazy\" decoding=\"async\" class=\"alignnone size-medium wp-image-4387\" src=\"https:\/\/www.elregional.cl\/wp-content\/uploads\/2025\/04\/TDVLQW5GARFUNDXTKR6LOFRK6U-300x169.jpg\" alt=\"\" width=\"300\" height=\"169\" \/><\/div>\n<\/div>\n","protected":false},"excerpt":{"rendered":"<p>Triunfazo de la U en Argentina por la Copa Libertadores.\u00a0Remont\u00f3 y venci\u00f3 2-1 a Estudiantes de La Plata, uno de los hist\u00f3ricos del continente. Los azules tienen hasta ahora campa\u00f1a perfecta en el torneo.\u00a0Al triunfo de este martes se le suma el de la semana pasada contra el campe\u00f3n Botafogo. Los dirigidos por Gustavo \u00c1lvarez &hellip;<\/p>\n","protected":false},"author":2,"featured_media":0,"comment_status":"closed","ping_status":"closed","sticky":false,"template":"","format":"standard","meta":{"footnotes":""},"categories":[5],"tags":[],"class_list":["post-4386","post","type-post","status-publish","format-standard","hentry","category-deportes"],"_links":{"self":[{"href":"https:\/\/www.elregional.cl\/index.php?rest_route=\/wp\/v2\/posts\/4386","targetHints":{"allow":["GET"]}}],"collection":[{"href":"https:\/\/www.elregional.cl\/index.php?rest_route=\/wp\/v2\/posts"}],"about":[{"href":"https:\/\/www.elregional.cl\/index.php?rest_route=\/wp\/v2\/types\/post"}],"author":[{"embeddable":true,"href":"https:\/\/www.elregional.cl\/index.php?rest_route=\/wp\/v2\/users\/2"}],"replies":[{"embeddable":true,"href":"https:\/\/www.elregional.cl\/index.php?rest_route=%2Fwp%2Fv2%2Fcomments&post=4386"}],"version-history":[{"count":1,"href":"https:\/\/www.elregional.cl\/index.php?rest_route=\/wp\/v2\/posts\/4386\/revisions"}],"predecessor-version":[{"id":4389,"href":"https:\/\/www.elregional.cl\/index.php?rest_route=\/wp\/v2\/posts\/4386\/revisions\/4389"}],"wp:attachment":[{"href":"https:\/\/www.elregional.cl\/index.php?rest_route=%2Fwp%2Fv2%2Fmedia&parent=4386"}],"wp:term":[{"taxonomy":"category","embeddable":true,"href":"https:\/\/www.elregional.cl\/index.php?rest_route=%2Fwp%2Fv2%2Fcategories&post=4386"},{"taxonomy":"post_tag","embeddable":true,"href":"https:\/\/www.elregional.cl\/index.php?rest_route=%2Fwp%2Fv2%2Ftags&post=4386"}],"curies":[{"name":"wp","href":"https:\/\/api.w.org\/{rel}","templated":true}]}}