{"id":4421,"date":"2025-04-10T08:39:42","date_gmt":"2025-04-10T08:39:42","guid":{"rendered":"https:\/\/www.elregional.cl\/?p=4421"},"modified":"2025-04-10T08:39:42","modified_gmt":"2025-04-10T08:39:42","slug":"chileno-es-condenado-en-ee-uu-a-14-anos-de-carcel-por-cometer-robos-en-barrios-exclusivos","status":"publish","type":"post","link":"https:\/\/www.elregional.cl\/?p=4421","title":{"rendered":"Chileno es condenado en EE.UU. a 14 a\u00f1os de c\u00e1rcel por cometer robos en barrios exclusivos"},"content":{"rendered":"<div class=\"div_titulo\">\n<h1 id=\"ucDetalle_TituloNoticia\"><\/h1>\n<\/div>\n<div class=\"div_h2\">\n<h5 id=\"ucDetalle_BajadaNoticia\">Emol.cl<\/h5>\n<h5>Iv\u00e1n Andr\u00e9s Chamorro Santib\u00e1\u00f1ez, que fue detenido en febrero de 2024, se declar\u00f3 culpable de los cargos imputados por las autoridades.<\/h5>\n<\/div>\n<div class=\"contenedor-columnas\" data-vista=\"relato\">\n<div class=\"box-central\">\n<div class=\"mrcdr_cont_relato\"><\/div>\n<\/div>\n<div class=\"box-columna\">Un joven chileno, vinculado a un esquema de crimen organizado internacional conformado supuestamente por turistas sudamericanos, fue condenado en una corte de <b>California\u00a0<\/b>a\u00a0<b>14 a\u00f1os de prisi\u00f3n\u00a0<\/b>tras declararse culpable de m\u00e1s de 10 cargos.<\/div>\n<\/div>\n<div id=\"ucDetalle_CuerpoNoticia\" class=\"cuerpo_noticia cuerpo_noti_height_full\">\n<div><\/div>\n<div><b>Iv\u00e1n Andr\u00e9s Chamorro Santib\u00e1\u00f1ez<\/b>, de 23 a\u00f1os, fue sentenciado el pasado lunes a 14 a\u00f1os de prisi\u00f3n estatal por cometer 10 robos a viviendas en un \u00e1rea aleda\u00f1a a Los \u00c1ngeles, inform\u00f3 la Fiscal\u00eda del condado de\u00a0<b>Ventura<\/b>.<\/div>\n<div><\/div>\n<div>\n<div id=\"contRelacionada_1154939\">\n<div class=\"flo_left cont_items_detalle_50\">\n<div class=\"flo_left bor_cont_img_mas_vistas cont_sec_emol sec_mas_vistas_emol cont_noti_rel_single\">\n<div class=\"cont_tit_sec_emol bg_tit_sec bor_tit_sec\"><\/div>\n<div class=\"flo_left cont_descrip_noticia\">\n<article class=\"flo_left cont_nota_relacionada\">\n<div class=\"flo_left content_img_noticia\"><\/div>\n<div class=\"cont_contador_comentarios flo_left cont_icon_social f_comentario\" data-id=\"1154939\">Chamorro Santib\u00e1\u00f1ez, que resid\u00eda en Chile y respond\u00eda al alias de<b>\u00a0&#8216;Evan Francisco&#8217;<\/b>, se declar\u00f3 culpable de 11 delitos graves relacionados con los robos residenciales en el condado de Ventura.<\/div>\n<\/article>\n<\/div>\n<\/div>\n<\/div>\n<\/div>\n<\/div>\n<div><\/div>\n<div>El chileno tambi\u00e9n asumi\u00f3 la responsabilidad en las acusaciones de circunstancias especiales y agravantes, admitiendo que\u00a0<b>planific\u00f3 los robos usando t\u00e9cnicas experimentadas y sofisticadas<\/b>.<\/div>\n<div><\/div>\n<div>Seg\u00fan la acusaci\u00f3n, entre el 9 de noviembre de 2023 y el 7 de febrero de 2024, Chamorro Santib\u00e1\u00f1ez<b>\u00a0se centr\u00f3 en viviendas de sectores acaudalados con accesos abiertos<\/b>, a las que ingres\u00f3 rompiendo una ventana trasera o una puerta corrediza de vidrio, y de donde sustrajo objetos valiosos, como joyas, relojes y dinero en efectivo.<\/div>\n<\/div>\n","protected":false},"excerpt":{"rendered":"<p>Emol.cl Iv\u00e1n Andr\u00e9s Chamorro Santib\u00e1\u00f1ez, que fue detenido en febrero de 2024, se declar\u00f3 culpable de los cargos imputados por las autoridades. Un joven chileno, vinculado a un esquema de crimen organizado internacional conformado supuestamente por turistas sudamericanos, fue condenado en una corte de California\u00a0a\u00a014 a\u00f1os de prisi\u00f3n\u00a0tras declararse culpable de m\u00e1s de 10 cargos. &hellip;<\/p>\n","protected":false},"author":2,"featured_media":0,"comment_status":"closed","ping_status":"closed","sticky":false,"template":"","format":"standard","meta":{"footnotes":""},"categories":[4],"tags":[],"class_list":["post-4421","post","type-post","status-publish","format-standard","hentry","category-mundo"],"_links":{"self":[{"href":"https:\/\/www.elregional.cl\/index.php?rest_route=\/wp\/v2\/posts\/4421","targetHints":{"allow":["GET"]}}],"collection":[{"href":"https:\/\/www.elregional.cl\/index.php?rest_route=\/wp\/v2\/posts"}],"about":[{"href":"https:\/\/www.elregional.cl\/index.php?rest_route=\/wp\/v2\/types\/post"}],"author":[{"embeddable":true,"href":"https:\/\/www.elregional.cl\/index.php?rest_route=\/wp\/v2\/users\/2"}],"replies":[{"embeddable":true,"href":"https:\/\/www.elregional.cl\/index.php?rest_route=%2Fwp%2Fv2%2Fcomments&post=4421"}],"version-history":[{"count":1,"href":"https:\/\/www.elregional.cl\/index.php?rest_route=\/wp\/v2\/posts\/4421\/revisions"}],"predecessor-version":[{"id":4423,"href":"https:\/\/www.elregional.cl\/index.php?rest_route=\/wp\/v2\/posts\/4421\/revisions\/4423"}],"wp:attachment":[{"href":"https:\/\/www.elregional.cl\/index.php?rest_route=%2Fwp%2Fv2%2Fmedia&parent=4421"}],"wp:term":[{"taxonomy":"category","embeddable":true,"href":"https:\/\/www.elregional.cl\/index.php?rest_route=%2Fwp%2Fv2%2Fcategories&post=4421"},{"taxonomy":"post_tag","embeddable":true,"href":"https:\/\/www.elregional.cl\/index.php?rest_route=%2Fwp%2Fv2%2Ftags&post=4421"}],"curies":[{"name":"wp","href":"https:\/\/api.w.org\/{rel}","templated":true}]}}