{"id":4453,"date":"2025-04-12T12:42:22","date_gmt":"2025-04-12T12:42:22","guid":{"rendered":"https:\/\/www.elregional.cl\/?p=4453"},"modified":"2025-04-12T12:42:22","modified_gmt":"2025-04-12T12:42:22","slug":"fallece-peaton-tras-ser-atropellado-por-un-camion-en-andacollo","status":"publish","type":"post","link":"https:\/\/www.elregional.cl\/?p=4453","title":{"rendered":"Fallece peat\u00f3n tras ser atropellado por un cami\u00f3n en Andacollo"},"content":{"rendered":"<div class=\"td_block_wrap tdb_title tdi_13 tdb-single-title td-pb-border-top td_block_template_1\" data-td-block-uid=\"tdi_13\">\n<div class=\"tdb-block-inner td-fix-index\">\n<h1 class=\"tdb-title-text\"><\/h1>\n<\/div>\n<\/div>\n<div class=\"td_block_wrap tdb_single_post_views tdi_18 td-pb-border-top td_block_template_1 tdb-post-meta\" data-td-block-uid=\"tdi_18\">\n<div class=\"tdb-block-inner td-fix-index\"><\/div>\n<\/div>\n<div class=\"td_block_wrap tdb_single_post_share tdi_19  td-pb-border-top td_block_template_1\" data-td-block-uid=\"tdi_19\">\n<div id=\"tdi_19\" class=\"td-post-sharing tdb-block td-ps-bg td-ps-padding td-post-sharing-style2 \">\n<div class=\"td-social-sharing-hidden\">\n<div class=\"td-social-but-icon\"><\/div>\n<\/div>\n<\/div>\n<\/div>\n<div class=\"td_block_wrap tdb_single_featured_image tdi_20 tdb-content-horiz-left td-pb-border-top td_block_template_1\" data-td-block-uid=\"tdi_20\"><\/div>\n<p><strong>Serenaonline.cl<\/strong><\/p>\n<p><strong>Un tr\u00e1gico accidente ocurri\u00f3 la noche de este viernes 11 de abril en la comuna de Andacollo, donde un peat\u00f3n fue atropellado por un cami\u00f3n en la calle Pedro de Valdivia.<\/strong><\/p>\n<div class=\"td_block_wrap tdb_single_content tdi_22 td-pb-border-top td_block_template_1 td-post-content tagdiv-type\" data-td-block-uid=\"tdi_22\">\n<div class=\"tdb-block-inner td-fix-index\"><span id=\"more-191482\"><\/span>Seg\u00fan la informaci\u00f3n proporcionada por los equipos de emergencia que acudieron al lugar, el incidente result\u00f3 en la muerte de un hombre adulto.<\/p>\n<p>El deceso del peat\u00f3n fue constatada por el personal del hospital de Andacollo, quienes confirmaron el fallecimiento tras el impacto. El sitio del accidente fue acordonado mientras\u00a0<a title=\"Carabineros de Chile\" href=\"https:\/\/www.carabineros.cl\/\" target=\"_blank\" rel=\"noopener nofollow\">Carabineros de Chile<\/a>\u00a0lleva a cabo la investigaci\u00f3n correspondiente para esclarecer las causas exactas del mismo. Al lugar tambi\u00e9n acudi\u00f3 el Fiscal de Turno.<\/p>\n<p>Las autoridades locales instan a los conductores a extremar las precauciones para evitar futuros accidentes de este tipo.<\/p>\n<\/div>\n<\/div>\n","protected":false},"excerpt":{"rendered":"<p>Serenaonline.cl Un tr\u00e1gico accidente ocurri\u00f3 la noche de este viernes 11 de abril en la comuna de Andacollo, donde un peat\u00f3n fue atropellado por un cami\u00f3n en la calle Pedro de Valdivia. Seg\u00fan la informaci\u00f3n proporcionada por los equipos de emergencia que acudieron al lugar, el incidente result\u00f3 en la muerte de un hombre adulto. &hellip;<\/p>\n","protected":false},"author":2,"featured_media":0,"comment_status":"closed","ping_status":"closed","sticky":false,"template":"","format":"standard","meta":{"footnotes":""},"categories":[2],"tags":[],"class_list":["post-4453","post","type-post","status-publish","format-standard","hentry","category-regionales"],"_links":{"self":[{"href":"https:\/\/www.elregional.cl\/index.php?rest_route=\/wp\/v2\/posts\/4453","targetHints":{"allow":["GET"]}}],"collection":[{"href":"https:\/\/www.elregional.cl\/index.php?rest_route=\/wp\/v2\/posts"}],"about":[{"href":"https:\/\/www.elregional.cl\/index.php?rest_route=\/wp\/v2\/types\/post"}],"author":[{"embeddable":true,"href":"https:\/\/www.elregional.cl\/index.php?rest_route=\/wp\/v2\/users\/2"}],"replies":[{"embeddable":true,"href":"https:\/\/www.elregional.cl\/index.php?rest_route=%2Fwp%2Fv2%2Fcomments&post=4453"}],"version-history":[{"count":1,"href":"https:\/\/www.elregional.cl\/index.php?rest_route=\/wp\/v2\/posts\/4453\/revisions"}],"predecessor-version":[{"id":4455,"href":"https:\/\/www.elregional.cl\/index.php?rest_route=\/wp\/v2\/posts\/4453\/revisions\/4455"}],"wp:attachment":[{"href":"https:\/\/www.elregional.cl\/index.php?rest_route=%2Fwp%2Fv2%2Fmedia&parent=4453"}],"wp:term":[{"taxonomy":"category","embeddable":true,"href":"https:\/\/www.elregional.cl\/index.php?rest_route=%2Fwp%2Fv2%2Fcategories&post=4453"},{"taxonomy":"post_tag","embeddable":true,"href":"https:\/\/www.elregional.cl\/index.php?rest_route=%2Fwp%2Fv2%2Ftags&post=4453"}],"curies":[{"name":"wp","href":"https:\/\/api.w.org\/{rel}","templated":true}]}}