{"id":4475,"date":"2025-04-12T14:15:27","date_gmt":"2025-04-12T14:15:27","guid":{"rendered":"https:\/\/www.elregional.cl\/?p=4475"},"modified":"2025-04-12T14:15:27","modified_gmt":"2025-04-12T14:15:27","slug":"roban-22-mil-metros-de-cables-de-cobre-en-tierras-blancas","status":"publish","type":"post","link":"https:\/\/www.elregional.cl\/?p=4475","title":{"rendered":"Roban 22 mil metros de cables de cobre en Tierras Blancas"},"content":{"rendered":"<div class=\"td_block_wrap tdb_title tdi_13 tdb-single-title td-pb-border-top td_block_template_1\" data-td-block-uid=\"tdi_13\">\n<div class=\"tdb-block-inner td-fix-index\">\n<h1 class=\"tdb-title-text\"><\/h1>\n<\/div>\n<\/div>\n<div class=\"td_block_wrap tdb_single_post_views tdi_18 td-pb-border-top td_block_template_1 tdb-post-meta\" data-td-block-uid=\"tdi_18\">\n<div class=\"tdb-block-inner td-fix-index\"><\/div>\n<\/div>\n<p>&nbsp;<\/p>\n<div class=\"td_block_wrap tdb_single_content tdi_22 td-pb-border-top td_block_template_1 td-post-content tagdiv-type\" data-td-block-uid=\"tdi_22\">\n<div class=\"tdb-block-inner td-fix-index\">\n<p><em>Serenaonline.cl <\/em><\/p>\n<p><em>Nuevamente la comuna de <a title=\"\" href=\"https:\/\/www.municoquimbo.cl\/index.php\/noticias\/9403-roban-22-mil-metros-de-cables-de-cobre-en-tierras-blancas-y-municipio-llama-a-denunciar-este-delito\" target=\"_blank\" rel=\"noopener nofollow\">Coquimbo<\/a>\u00a0se ve afectada por el masivo robo de cables el\u00e9ctricos desde sus calles y espacios p\u00fablicos, un delito que afecta directamente la seguridad de las y los vecinos en los diversos barrios porte\u00f1os, y predominantemente en la localidad de Tierras Blancas, donde solo durante los primeros meses de este a\u00f1o, la sustracci\u00f3n de conductores de cobre alcanza los 22.322 metros lineales.<\/em><\/p>\n<p><span id=\"more-191453\"><\/span>Si bien la casa edilicia el a\u00f1o 2022 present\u00f3 una querella criminal en contra de quienes resulten responsables por los delitos de robo y receptaci\u00f3n de cables y metales desde el mobiliario urbano, a la fecha la problem\u00e1tica contin\u00faa en franco crecimiento y sin soluci\u00f3n, lo que hace muy necesaria la oportuna denuncia de la poblaci\u00f3n para el efectivo actuar de las polic\u00edas y la Fiscal\u00eda.<\/p>\n<h2 class=\"wp-block-heading\">Informe en detalle<\/h2>\n<p>Seg\u00fan detalla un informe del Departamento de Alumbrado P\u00fablico municipal, s\u00f3lo durante este a\u00f1o 2025, ya se sustrajeron m\u00e1s de 28.588 metros lineales de cable de cobre, acci\u00f3n que, durante el a\u00f1o 2024, represent\u00f3 un perjuicio de casi $47 millones. Durante esta \u00faltima semana el robo se dispar\u00f3 en la localidad de Tierras Blancas, afectando al sector de Los Balcones de Pe\u00f1uelas, desde donde se sustrajeron unos 5 mil metros de conductores el\u00e9ctricos; sumando otros 600 metros desde la plaza ubicada en la intersecci\u00f3n de las calles Aroca con Talca, y 2.100 metros desde la calle 5 del Barrio Industrial, entre la ruta D-43 y D-409.<\/p>\n<p>Respecto a la problem\u00e1tica de sustracci\u00f3n de cableado el\u00e9ctrico en Coquimbo, Jorge Mel\u00e9ndez, jefe de Alumbrado P\u00fablico, detall\u00f3 que, \u201cnosotros estamos realizando las denuncias en las comisar\u00edas correspondientes, y tambi\u00e9n dando soluci\u00f3n a los sectores que han sido afectados por el tema de los robos. La reposici\u00f3n es con cable preensamblado de aluminio para poder reducir la problem\u00e1tica, pero tambi\u00e9n hay lugares que no hemos podido llegar ante la gran cantidad de robos en el sector de Tierras Blancas. Solicitamos a los vecinos que hagan las denuncias correspondientes al fono 1420 de seguridad municipal, a quienes tengan fotos, videos o algo que nos ayude con esto, ya que Carabineros necesita de eso para actuar\u201d.<\/p>\n<p>En este mismo sentido, Daniel Cort\u00e9s, coordinador de las delegaciones municipales de Coquimbo, agreg\u00f3 que, \u201cel robo de cables de cobre es una problem\u00e1tica que afecta a Coquimbo y a todo el pa\u00eds, y nuestro alcalde Ali Manouchehri, ya el a\u00f1o 2022 interpuso la primera querella en contra de los responsables de estos delitos\u2026 El llamado a las y los vecinos es a denunciar oportunamente a quienes cometen estos robos, con la finalidad de contribuir al trabajo de las polic\u00edas y la Fiscal\u00eda. Solo el a\u00f1o 2024, los coquimbanos perdimos $47 millones a causa de estos il\u00edcitos\u201d, concluy\u00f3.<\/p>\n<\/div>\n<\/div>\n","protected":false},"excerpt":{"rendered":"<p>&nbsp; Serenaonline.cl Nuevamente la comuna de Coquimbo\u00a0se ve afectada por el masivo robo de cables el\u00e9ctricos desde sus calles y espacios p\u00fablicos, un delito que afecta directamente la seguridad de las y los vecinos en los diversos barrios porte\u00f1os, y predominantemente en la localidad de Tierras Blancas, donde solo durante los primeros meses de este &hellip;<\/p>\n","protected":false},"author":2,"featured_media":0,"comment_status":"closed","ping_status":"closed","sticky":false,"template":"","format":"standard","meta":{"footnotes":""},"categories":[2],"tags":[],"class_list":["post-4475","post","type-post","status-publish","format-standard","hentry","category-regionales"],"_links":{"self":[{"href":"https:\/\/www.elregional.cl\/index.php?rest_route=\/wp\/v2\/posts\/4475","targetHints":{"allow":["GET"]}}],"collection":[{"href":"https:\/\/www.elregional.cl\/index.php?rest_route=\/wp\/v2\/posts"}],"about":[{"href":"https:\/\/www.elregional.cl\/index.php?rest_route=\/wp\/v2\/types\/post"}],"author":[{"embeddable":true,"href":"https:\/\/www.elregional.cl\/index.php?rest_route=\/wp\/v2\/users\/2"}],"replies":[{"embeddable":true,"href":"https:\/\/www.elregional.cl\/index.php?rest_route=%2Fwp%2Fv2%2Fcomments&post=4475"}],"version-history":[{"count":1,"href":"https:\/\/www.elregional.cl\/index.php?rest_route=\/wp\/v2\/posts\/4475\/revisions"}],"predecessor-version":[{"id":4477,"href":"https:\/\/www.elregional.cl\/index.php?rest_route=\/wp\/v2\/posts\/4475\/revisions\/4477"}],"wp:attachment":[{"href":"https:\/\/www.elregional.cl\/index.php?rest_route=%2Fwp%2Fv2%2Fmedia&parent=4475"}],"wp:term":[{"taxonomy":"category","embeddable":true,"href":"https:\/\/www.elregional.cl\/index.php?rest_route=%2Fwp%2Fv2%2Fcategories&post=4475"},{"taxonomy":"post_tag","embeddable":true,"href":"https:\/\/www.elregional.cl\/index.php?rest_route=%2Fwp%2Fv2%2Ftags&post=4475"}],"curies":[{"name":"wp","href":"https:\/\/api.w.org\/{rel}","templated":true}]}}