{"id":4503,"date":"2025-04-13T17:25:09","date_gmt":"2025-04-13T17:25:09","guid":{"rendered":"https:\/\/www.elregional.cl\/?p=4503"},"modified":"2025-04-13T17:25:09","modified_gmt":"2025-04-13T17:25:09","slug":"universidad-de-tokyo-dono-observatorio-astronomico-tao-a-gobierno-regional-de-antofagasta","status":"publish","type":"post","link":"https:\/\/www.elregional.cl\/?p=4503","title":{"rendered":"Universidad de Tokyo don\u00f3 observatorio astron\u00f3mico TAO a gobierno regional de Antofagasta"},"content":{"rendered":"<p>El plantel nip\u00f3n accedi\u00f3 a la solicitud del gobernador Ricardo D\u00edaz, ya que van a renovar su infraestructura en Chajnantor. El telescopio ser\u00e1 entregado a la UA para su instalaci\u00f3n en el cerro Mackenna.<\/p>\n<p>La Universidad de Tokio don\u00f3 al Gobierno Regional de Antofagasta el observatorio astron\u00f3mico TAO para que lo pueda utilizar en proyectos de observaci\u00f3n en la zona, anunci\u00f3 el gobernador Ricardo D\u00edaz.<br \/>\nEs que el telescopio TAO ser\u00e1 renovado por el plantel superior japon\u00e9s y en una primera instancia iba ser desmantelado en el sector del Llano de Chajnantor, a 5.640 metros, en la comuna de San Pedro de Atacama.<br \/>\nSin embargo conversaciones entre el gobernador Ricardo D\u00edaz y personeros de la Universidad de Tokio dio por resultado la donaci\u00f3n de las instalaciones y telescopio TAO, que pueden ser utilizados por otros 70 a\u00f1os m\u00e1s en observaciones.<br \/>\nD\u00edaz manifest\u00f3 que la universidad nipona est\u00e1 construyento el Gran TAO que reempalzar\u00e1 a sus actuales instalaciones en Chajnnator. \u00abEntonces, le hice la solicitud de la donaci\u00f3n, a lo cual accedieron, pero tambi\u00e9n convenimos que van a capacitar a astr\u00f3nomos de la Universidad de Antrofagasta para que lo pueden utilizar en sus estudios\u00bb, comento.<br \/>\nEl gobernador coment\u00f3 que la idea es que el observatorio quede instalado en el Cerro Mackenna, ubicado en la Cordillera de la Costa, para que la UA desarrolle sus proyectos astron\u00f3micos, pero tambi\u00e9n para que vayan antofagastinos y gente interesada en la astronom\u00eda a sus instalaciones sin problemas<br \/>\n\u00abEs esa una deuda que tenemos a\u00fan, un observatorio astron\u00f3mico p\u00fablico, para acercar m\u00e1s la astronom\u00eda a la ciudadan\u00eda, \u00bb coment\u00f3.<\/p>\n<p>Soychile.cl<\/p>\n","protected":false},"excerpt":{"rendered":"<p>El plantel nip\u00f3n accedi\u00f3 a la solicitud del gobernador Ricardo D\u00edaz, ya que van a renovar su infraestructura en Chajnantor. El telescopio ser\u00e1 entregado a la UA para su instalaci\u00f3n en el cerro Mackenna. La Universidad de Tokio don\u00f3 al Gobierno Regional de Antofagasta el observatorio astron\u00f3mico TAO para que lo pueda utilizar en proyectos &hellip;<\/p>\n","protected":false},"author":2,"featured_media":0,"comment_status":"closed","ping_status":"closed","sticky":false,"template":"","format":"standard","meta":{"footnotes":""},"categories":[4],"tags":[],"class_list":["post-4503","post","type-post","status-publish","format-standard","hentry","category-mundo"],"_links":{"self":[{"href":"https:\/\/www.elregional.cl\/index.php?rest_route=\/wp\/v2\/posts\/4503","targetHints":{"allow":["GET"]}}],"collection":[{"href":"https:\/\/www.elregional.cl\/index.php?rest_route=\/wp\/v2\/posts"}],"about":[{"href":"https:\/\/www.elregional.cl\/index.php?rest_route=\/wp\/v2\/types\/post"}],"author":[{"embeddable":true,"href":"https:\/\/www.elregional.cl\/index.php?rest_route=\/wp\/v2\/users\/2"}],"replies":[{"embeddable":true,"href":"https:\/\/www.elregional.cl\/index.php?rest_route=%2Fwp%2Fv2%2Fcomments&post=4503"}],"version-history":[{"count":1,"href":"https:\/\/www.elregional.cl\/index.php?rest_route=\/wp\/v2\/posts\/4503\/revisions"}],"predecessor-version":[{"id":4505,"href":"https:\/\/www.elregional.cl\/index.php?rest_route=\/wp\/v2\/posts\/4503\/revisions\/4505"}],"wp:attachment":[{"href":"https:\/\/www.elregional.cl\/index.php?rest_route=%2Fwp%2Fv2%2Fmedia&parent=4503"}],"wp:term":[{"taxonomy":"category","embeddable":true,"href":"https:\/\/www.elregional.cl\/index.php?rest_route=%2Fwp%2Fv2%2Fcategories&post=4503"},{"taxonomy":"post_tag","embeddable":true,"href":"https:\/\/www.elregional.cl\/index.php?rest_route=%2Fwp%2Fv2%2Ftags&post=4503"}],"curies":[{"name":"wp","href":"https:\/\/api.w.org\/{rel}","templated":true}]}}