{"id":4588,"date":"2025-04-15T08:06:27","date_gmt":"2025-04-15T08:06:27","guid":{"rendered":"https:\/\/www.elregional.cl\/?p=4588"},"modified":"2025-04-15T08:10:31","modified_gmt":"2025-04-15T08:10:31","slug":"grupo-internacional-adquiere-minera-de-la-region-de-coquimbo","status":"publish","type":"post","link":"https:\/\/www.elregional.cl\/?p=4588","title":{"rendered":"Grupo internacional adquiere minera de la Regi\u00f3n de Coquimbo"},"content":{"rendered":"<header class=\"et-l et-l--header\">\n<div class=\"et_builder_inner_content et_pb_gutters3 has_et_pb_sticky\">\n<div id=\"header-menu\" class=\"et_pb_with_border et_pb_section et_pb_section_3_tb_header et_pb_sticky_module et_pb_with_background et_section_regular et_pb_section--with-menu et_pb_sticky et_pb_sticky--top\">\n<div id=\"menu-header\" class=\"et_pb_row et_pb_row_3_tb_header et_pb_gutters1 et_pb_row--with-menu et_pb_row_1-4_1-2_1-4\">\n<div class=\"et_pb_column et_pb_column_1_2 et_pb_column_4_tb_header et_pb_css_mix_blend_mode_passthrough et_pb_column--with-menu\">\n<div id=\"click-buscador-movil\" class=\"et_pb_module et_pb_icon et_pb_icon_1_tb_header\"><\/div>\n<\/div>\n<\/div>\n<\/div>\n<\/div>\n<\/header>\n<div id=\"et-main-area\">\n<div id=\"main-content\">\n<div class=\"et-l et-l--body\">\n<div class=\"et_builder_inner_content et_pb_gutters1\">\n<div id=\"footer-ads\" class=\"et_pb_section et_pb_section_1_tb_body et_pb_with_background et_section_regular et_pb_section--fixed removed-ads\">\n<div class=\"et_pb_row et_pb_row_1_tb_body\">\n<div class=\"et_pb_column et_pb_column_4_4 et_pb_column_2_tb_body et_pb_css_mix_blend_mode_passthrough et-last-child\">\n<div class=\"et_pb_module et_pb_code et_pb_code_7_tb_body\">\n<div class=\"et_pb_code_inner\"><\/div>\n<\/div>\n<div id=\"close-footer-ad\" class=\"et_pb_module et_pb_icon et_pb_icon_0_tb_body\">Se espera que la planta incremente su dotaci\u00f3n a m\u00e1s de 750 trabajadores directos, y que durante el punto m\u00e1s alto de operaci\u00f3n se generen hasta 5.000 empleos indirectos.<\/div>\n<\/div>\n<\/div>\n<\/div>\n<div id=\"single-container\" class=\"et_pb_section et_pb_section_2_tb_body et_section_regular\">\n<div class=\"et_pb_row et_pb_row_3_tb_body et_pb_gutters2\">\n<div class=\"et_pb_column et_pb_column_2_3 et_pb_column_4_tb_body et_pb_css_mix_blend_mode_passthrough\">\n<div id=\"single-featured\" class=\"et_pb_module et_pb_image et_pb_image_0_tb_body col-66\"><\/div>\n<div class=\"et_pb_with_border et_pb_module dssb_sharing_buttons dssb_sharing_buttons_0_tb_body\">\n<div class=\"et_pb_module_inner\">\n<div class=\"dssb-sharing-buttons dssb-columns-7 dssb-tablet-columns-7 dssb-phone-columns-7\">\n<div class=\"et_pb_with_border dssb_sharing_button dssb_sharing_button_0_tb_body\">\n<div class=\"et_pb_module_inner\">\n<div class=\"dssb-sharing-button\"><\/div>\n<\/div>\n<\/div>\n<div class=\"et_pb_with_border dssb_sharing_button dssb_sharing_button_1_tb_body\">\n<div class=\"et_pb_module_inner\">\n<div class=\"dssb-sharing-button\"><strong>El inversionista austr\u00edaco Cevdet Caner, a trav\u00e9s de NIU Group, anunci\u00f3 la adquisici\u00f3n y renovaci\u00f3n estrat\u00e9gica de Minera Tres Valles (MTV).<\/strong>\u00a0Esta operaci\u00f3n marca el inicio de una nueva etapa para MTV, que busca posicionarse como un productor confiable y especializado de cobre y otros metales cr\u00edticos para el mercado global, aseguraron.<\/div>\n<\/div>\n<\/div>\n<\/div>\n<\/div>\n<\/div>\n<div id=\"single-content\" class=\"et_pb_module et_pb_post_content et_pb_post_content_0_tb_body col-66\">\n<div id=\"ads-medium-mob--01\" class=\"et_pb_module et_pb_code et_pb_code_8_tb_body et_pb_text_align_center\">\n<div class=\"et_pb_code_inner\">\n<div id=\"div-gpt-ad-1703705536198-0\" data-google-query-id=\"CNfug4zJ2YwDFZJYuAQdXu48DQ\">\n<div id=\"google_ads_iframe_\/18588809\/MIMMR1_V2_0__container__\"><\/div>\n<\/div>\n<\/div>\n<\/div>\n<p>En esa l\u00ednea, expresaron que\u00a0<strong>la adquisici\u00f3n de Minera Tres Valles por parte de NIU Group constituye una importante inversi\u00f3n extranjera en Chile, respaldada por la solidez institucional del pa\u00eds, la estabilidad de su sistema financiero y su claro compromiso con el Estado de Derecho<\/strong>. Bajo su nueva propiedad, informaron, MTV incrementar\u00e1 su capacidad operativa, para lograr un aumento en la producci\u00f3n y eficiencia, cumpliendo plenamente con las normativas y est\u00e1ndares regulatorios chilenos.<\/p>\n<div id=\"ads-medium-mob--02\" class=\"et_pb_module et_pb_code et_pb_code_9_tb_body et_pb_text_align_center\">\n<div class=\"et_pb_code_inner\">\n<div id=\"div-gpt-ad-1703705656153-0\" data-google-query-id=\"CNjug4zJ2YwDFZJYuAQdXu48DQ\">\n<div id=\"google_ads_iframe_\/18588809\/MIMMR2_V2_0__container__\"><\/div>\n<\/div>\n<\/div>\n<\/div>\n<p>Seg\u00fan revelaron desde la compa\u00f1\u00eda,\u00a0<strong>NIU Group visualiza a MTV como un actor clave para el futuro econ\u00f3mico de la Regi\u00f3n de Coquimbo y est\u00e1 comprometido a trabajar estrechamente con las comunidades locales para generar empleo y generar un impacto social positivo<\/strong>. La empresa priorizar\u00e1 mantener\u00a0<strong>un relacionamiento transparente y participativo<\/strong>\u00a0que permita alinear las operaciones con las necesidades del territorio<strong>. Se espera que la planta incremente su dotaci\u00f3n a m\u00e1s de 750 trabajadores directos, y que durante el punto m\u00e1s alto de operaci\u00f3n se generen hasta 5.000 empleos indirectos,<\/strong>\u00a0creando oportunidades significativas de desarrollo para las localidades de<strong>\u00a0Salamanca, Illapel y otras comunas de la provincia del Choapa<\/strong>.<\/p>\n<p>Al respecto,\u00a0<strong>Caner\u00a0<\/strong>afirm\u00f3 que<strong>\u00a0\u201c<\/strong>estamos construyendo una empresa din\u00e1mica que crecer\u00e1 junto a la provincia del Choapa y sus comunidades vecinas.<strong>\u00a0Nuestro compromiso es contribuir al desarrollo local mediante iniciativas en educaci\u00f3n, infraestructura y salud, manteniendo siempre el foco en la seguridad, el cumplimiento ambiental y el di\u00e1logo abierto con los actores del territorio\u201d.<\/strong><\/p>\n<p><strong>Minera Tres Valles<\/strong>\u00a0cuenta con\u00a0<strong>8,2 millones de toneladas en reservas probadas y probables<\/strong>\u00a0que, combinadas con el procesamiento de minerales de terceros, podr\u00edan generar\u00a0<strong>ingresos estimados entre US$1.300 y 1.500 millones a precios actuales del cobre<\/strong>\u00a0(~US$10.000\/t). La compa\u00f1\u00eda minera produce<strong>\u00a0c\u00e1todos de cobre electrol\u00edtico grado A<\/strong>\u00a0con una pureza del 99,999% \u2014entre los m\u00e1s altos del mercado\u2014, con una\u00a0<strong>producci\u00f3n estimada de 5.000 toneladas durante el primer a\u00f1o bajo la gesti\u00f3n de NIU Group. A partir de 2026, se proyecta que la producci\u00f3n aumente y alcance entre 13.000 y 15.000 toneladas anuales.<\/strong><\/p>\n<blockquote class=\"quote-solid\"><p>NIU Group planea invertir capital adicional en la compa\u00f1\u00eda para desarrollar y expandir sus operaciones mineras, con el objetivo de alcanzar el valor de reposici\u00f3n del activo, estimado en un rango de US$750 millones a 1.000 millones como m\u00ednimo.<\/p><\/blockquote>\n<h3><strong>Minera Tres Valles<\/strong><\/h3>\n<p>La compa\u00f1\u00eda abarca 460 kil\u00f3metros cuadrados de terrenos con potencial exploratorio.\u00a0<strong>La mina posee recursos adicionales de 21,8 millones de toneladas de mineral, una cifra que representa el 5% del total del \u00e1rea explorada hasta la fecha.<\/strong>\u00a0Existe un alto potencial de exploraci\u00f3n y un importante margen para aumentar la producci\u00f3n de metales, que NIU Group buscar\u00e1 desarrollar.\u00a0<strong>La vida \u00fatil actual de la mina, estimada en 8 a\u00f1os, podr\u00eda extenderse hasta 20 a\u00f1os,<\/strong>\u00a0con ingresos potenciales superiores a US$3.000 millones tras nuevas campa\u00f1as de exploraci\u00f3n.<\/p>\n<p>La operaci\u00f3n minera incluye una mina subterr\u00e1nea (Papomono), que emplea el m\u00e9todo de extracci\u00f3n\u00a0<em>Incline Block Caving (IBC)<\/em>, y una mina a cielo abierto (Don Gabriel), cuyo desarrollo se proyecta en un plazo de tres a\u00f1os.\u00a0<strong>La planta integrada cuenta con tecnolog\u00eda de punta y procesos ambientalmente responsables para chancado, lixiviaci\u00f3n y procesamiento SX\/EW.<\/strong>\u00a0Tiene capacidad para procesar 180.000 toneladas de mineral al mes y producir hasta 18.500 toneladas mensuales de c\u00e1todos de cobre grado A, incluyendo minerales de terceros.\u00a0<strong>Minera Tres Valles es la \u00fanica instalaci\u00f3n de este tipo en un radio de 200 kil\u00f3metros.<\/strong><\/p>\n<p>Al respecto,\u00a0<strong>Cevdet Caner, propietario de NIU Group<\/strong>, afirm\u00f3 que \u201c<strong>la expansi\u00f3n de Minera Tres Valles representa un paso decisivo para garantizar una producci\u00f3n sostenible de metales cr\u00edticos, mientras construimos relaciones de largo plazo con las comunidades cercanas a MTV.<\/strong>\u00a0Nos enorgullece dar nueva vida a una operaci\u00f3n que se alinea con nuestra visi\u00f3n de convertirnos en un inversionista minero l\u00edder en Occidente, enfocado en proveer los insumos necesarios para las industrias avanzadas y las demandas energ\u00e9ticas del futuro a nivel global\u201d.<\/p>\n<p>Actualmente, la operaci\u00f3n de Minera Tres Valles se encuentra en proceso de evaluaci\u00f3n ambiental conforme al marco regulatorio chileno.\u00a0<strong>Como parte de la visi\u00f3n de los nuevos propietarios de desarrollar una operaci\u00f3n m\u00e1s sostenible, la empresa asever\u00f3 que est\u00e1 plenamente comprometida con el cumplimiento de todos los requisitos ambientales que surjan de este proceso<\/strong>. Esto refleja el enfoque de NIU Group de alinear sus operaciones con los m\u00e1s altos est\u00e1ndares de responsabilidad ambiental, manifestaron.<\/p>\n<h3><strong>Minera Tres Valles \u2013 Hitos principales<\/strong><\/h3>\n<ul>\n<li><strong>La mina tiene un valor de reposici\u00f3n estimado entre US$750 millones y 1.000 millones<\/strong><\/li>\n<li><strong>La producci\u00f3n actual de 5.000 toneladas anuales aumentar\u00e1 a entre 13.000 y 15.000 en un corto plazo<\/strong><\/li>\n<li><strong>MTV produce c\u00e1todos de cobre electrol\u00edtico grado A con una pureza del 99,999%<\/strong><\/li>\n<li><strong>El activo cuenta con instalaciones de \u00faltima generaci\u00f3n y fuentes de mineral diversificadas (mina subterr\u00e1nea y a cielo abierto)<\/strong><\/li>\n<li><strong>La dotaci\u00f3n de personal se quintuplicar\u00e1 al alcanzar el m\u00e1ximo de operaci\u00f3n, con un impacto econ\u00f3mico significativo a nivel local<\/strong><\/li>\n<li><strong>MTV posee un potencial exploratorio adicional de m\u00e1s de 400 km\u00b2<\/strong><\/li>\n<li><strong>La vida \u00fatil actual\u00a0<\/strong><\/li>\n<\/ul>\n<\/div>\n<\/div>\n<\/div>\n<\/div>\n<\/div>\n<\/div>\n<\/div>\n<\/div>\n","protected":false},"excerpt":{"rendered":"<p>Se espera que la planta incremente su dotaci\u00f3n a m\u00e1s de 750 trabajadores directos, y que durante el punto m\u00e1s alto de operaci\u00f3n se generen hasta 5.000 empleos indirectos. El inversionista austr\u00edaco Cevdet Caner, a trav\u00e9s de NIU Group, anunci\u00f3 la adquisici\u00f3n y renovaci\u00f3n estrat\u00e9gica de Minera Tres Valles (MTV).\u00a0Esta operaci\u00f3n marca el inicio de &hellip;<\/p>\n","protected":false},"author":2,"featured_media":0,"comment_status":"closed","ping_status":"closed","sticky":false,"template":"","format":"standard","meta":{"footnotes":""},"categories":[2],"tags":[],"class_list":["post-4588","post","type-post","status-publish","format-standard","hentry","category-regionales"],"_links":{"self":[{"href":"https:\/\/www.elregional.cl\/index.php?rest_route=\/wp\/v2\/posts\/4588","targetHints":{"allow":["GET"]}}],"collection":[{"href":"https:\/\/www.elregional.cl\/index.php?rest_route=\/wp\/v2\/posts"}],"about":[{"href":"https:\/\/www.elregional.cl\/index.php?rest_route=\/wp\/v2\/types\/post"}],"author":[{"embeddable":true,"href":"https:\/\/www.elregional.cl\/index.php?rest_route=\/wp\/v2\/users\/2"}],"replies":[{"embeddable":true,"href":"https:\/\/www.elregional.cl\/index.php?rest_route=%2Fwp%2Fv2%2Fcomments&post=4588"}],"version-history":[{"count":1,"href":"https:\/\/www.elregional.cl\/index.php?rest_route=\/wp\/v2\/posts\/4588\/revisions"}],"predecessor-version":[{"id":4589,"href":"https:\/\/www.elregional.cl\/index.php?rest_route=\/wp\/v2\/posts\/4588\/revisions\/4589"}],"wp:attachment":[{"href":"https:\/\/www.elregional.cl\/index.php?rest_route=%2Fwp%2Fv2%2Fmedia&parent=4588"}],"wp:term":[{"taxonomy":"category","embeddable":true,"href":"https:\/\/www.elregional.cl\/index.php?rest_route=%2Fwp%2Fv2%2Fcategories&post=4588"},{"taxonomy":"post_tag","embeddable":true,"href":"https:\/\/www.elregional.cl\/index.php?rest_route=%2Fwp%2Fv2%2Ftags&post=4588"}],"curies":[{"name":"wp","href":"https:\/\/api.w.org\/{rel}","templated":true}]}}