{"id":4594,"date":"2025-04-15T08:20:09","date_gmt":"2025-04-15T08:20:09","guid":{"rendered":"https:\/\/www.elregional.cl\/?p=4594"},"modified":"2025-04-15T08:21:06","modified_gmt":"2025-04-15T08:21:06","slug":"proyecto-fotografico-sin-precedentes-promueve-el-turismo-rural-en-el-valle-del-elqui","status":"publish","type":"post","link":"https:\/\/www.elregional.cl\/?p=4594","title":{"rendered":"Proyecto fotogr\u00e1fico sin precedentes promueve el turismo rural en el Valle del Elqui"},"content":{"rendered":"<header id=\"theme-header\" class=\"theme-header header-layout-3 main-nav-dark main-nav-default-dark main-nav-below main-nav-boxed no-stream-item top-nav-active top-nav-dark top-nav-default-dark top-nav-above has-shadow has-normal-width-logo mobile-header-default\">\n<div class=\"container header-container\">\n<div class=\"tie-row logo-row\">\n<div class=\"logo-wrapper\">\n<div class=\"tie-col-md-4 logo-container clearfix default-behavior-mode\">\n<div id=\"mobile-header-components-area_1\" class=\"mobile-header-components\">\n<p>&nbsp;<\/p>\n<\/div>\n<\/div>\n<\/div>\n<\/div>\n<\/div>\n<\/header>\n<div id=\"content\" class=\"site-content container\">\n<div id=\"main-content-row\" class=\"tie-row main-content-row\">\n<div class=\"main-content tie-col-md-8 tie-col-xs-12\" role=\"main\">\n<article id=\"the-post\" class=\"container-wrapper post-content tie-standard\">\n<div class=\"featured-area\">\n<div class=\"featured-area-inner\">\n<figure class=\"single-featured-image\"><strong><em>M\u00e1s de 100 emprendimientos tur\u00edsticos de Vicu\u00f1a fueron fotografiados. Contenido se podr\u00e1 ver en la plataforma web y app \u201cElqui Rural\u201d<\/em><\/strong><\/figure>\n<\/div>\n<\/div>\n<div class=\"entry-content entry clearfix\">\n<p>Con el prop\u00f3sito de posicionar los m\u00faltiples atractivos del Valle del Elqui y atraer a turistas tanto nacionales como internacionales, la comuna de Vicu\u00f1a ha sido escenario de uno de los proyectos fotogr\u00e1ficos m\u00e1s ambiciosos realizados en la zona. Durante los meses de marzo y abril se desarroll\u00f3 un intenso trabajo de registro visual en 11 localidades de la comuna, capturando m\u00e1s de 100 emprendimientos vinculados al turismo rural.<\/p>\n<p>Esta iniciativa ha sido financiada por la Corporaci\u00f3n Municipal de Turismo de Vicu\u00f1a y ejecutada por la productora Estudio Visual, empresa ganadora de la correspondiente licitaci\u00f3n. Las fotograf\u00edas, que abarcan desde peque\u00f1os emprendimientos ubicados en sectores alejados de la urbe hasta proyectos tur\u00edsticos ya consolidados, estar\u00e1n disponibles para todo p\u00fablico a trav\u00e9s del sitio web\u00a0<a href=\"https:\/\/elquirural.travel\/\">elquirural.travel<\/a>\u00a0y en la app\u00a0<strong>Elqui Rural<\/strong>, ya disponible para dispositivos con sistema iOS y Android.<\/p>\n<p>\u201cNuestra gesti\u00f3n viene a fortalecer el turismo en todas las categor\u00edas. Con esto nos referimos al turismo astron\u00f3mico, patrimonial, aventura, gastron\u00f3mico, de cruceros, wellness, etc; y tambi\u00e9n a fortalecer el turismo rural porque posee una gran riqueza y un tremendo valor cultural. Este proyecto fotogr\u00e1fico complementa un proyecto Innova Corfo que permiti\u00f3 levantar informaci\u00f3n sobre turismo rural. Esperamos que logre visibilizar los atractivos de nuestra comuna, atraer a turistas nacionales e internacionales y promover la compra de productos y servicios para generar un impacto positivo en la econom\u00eda rural de la comuna\u201d se\u00f1al\u00f3 el gerente de la Corporaci\u00f3n Municipal de Turismo de Vicu\u00f1a, Leonardo Alfaro Leyton.<\/p>\n<p>\u201cEstamos muy agradecidos de los emprendedores rurales por nos abrieron las puertas de sus casas, porque nos mostraron sus emprendimientos, nos mostraron c\u00f3mo lo hacen, y nos contaron con mucha confianza y amor sus historias. Quedamos muy impresionados por la magnitud del proyecto porque abarca desde la se\u00f1ora que hace su mermelada en el cerro, hasta locales mucho m\u00e1s establecidos. Es un proyecto muy ambicioso y muy \u00fatil. Si bien est\u00e1 pensado para el turista, tambi\u00e9n es recomendable que los vecinos de Vicu\u00f1a puedan entrar a la plataforma y descubrir lo que tienen muy cerca\u201d destac\u00f3 por su parte Benjam\u00edn Barros, fot\u00f3grafo y representante de la empresa Estudio Visual.<\/p>\n<p><strong>Elqui Rural: una experiencia tur\u00edstica interactiva<\/strong><\/p>\n<p>La plataforma \u201cElqui Rural\u201d no solo re\u00fane im\u00e1genes y datos de los emprendimientos locales, sino que tambi\u00e9n ofrece una experiencia interactiva para los usuarios. En ella es posible crear rutas personalizadas o explorar circuitos tur\u00edsticos pre dise\u00f1ados por la especialista,\u00a0<strong>Josefa Balanda<\/strong>. Entre las opciones disponibles se encuentran circuitos hist\u00f3rico-culturales, de ecoturismo y aventura, gastron\u00f3micos, familiares y de bienestar.<\/p>\n<p>Adem\u00e1s, el sitio y la app ofrecen acceso a una variada oferta de experiencias tur\u00edsticas que permiten conocer en profundidad la cultura y el patrimonio del Valle del Elqui. Desde la producci\u00f3n vitivin\u00edcola y caprina, hasta el legado de las iglesias locales, la artesan\u00eda tradicional y las experiencias de astroturismo que rescatan la cosmovisi\u00f3n de los pueblos originarios.<\/p>\n<\/div>\n<\/article>\n<\/div>\n<\/div>\n<\/div>\n","protected":false},"excerpt":{"rendered":"<p>&nbsp; M\u00e1s de 100 emprendimientos tur\u00edsticos de Vicu\u00f1a fueron fotografiados. Contenido se podr\u00e1 ver en la plataforma web y app \u201cElqui Rural\u201d Con el prop\u00f3sito de posicionar los m\u00faltiples atractivos del Valle del Elqui y atraer a turistas tanto nacionales como internacionales, la comuna de Vicu\u00f1a ha sido escenario de uno de los proyectos fotogr\u00e1ficos &hellip;<\/p>\n","protected":false},"author":2,"featured_media":0,"comment_status":"closed","ping_status":"closed","sticky":false,"template":"","format":"standard","meta":{"footnotes":""},"categories":[2],"tags":[],"class_list":["post-4594","post","type-post","status-publish","format-standard","hentry","category-regionales"],"_links":{"self":[{"href":"https:\/\/www.elregional.cl\/index.php?rest_route=\/wp\/v2\/posts\/4594","targetHints":{"allow":["GET"]}}],"collection":[{"href":"https:\/\/www.elregional.cl\/index.php?rest_route=\/wp\/v2\/posts"}],"about":[{"href":"https:\/\/www.elregional.cl\/index.php?rest_route=\/wp\/v2\/types\/post"}],"author":[{"embeddable":true,"href":"https:\/\/www.elregional.cl\/index.php?rest_route=\/wp\/v2\/users\/2"}],"replies":[{"embeddable":true,"href":"https:\/\/www.elregional.cl\/index.php?rest_route=%2Fwp%2Fv2%2Fcomments&post=4594"}],"version-history":[{"count":1,"href":"https:\/\/www.elregional.cl\/index.php?rest_route=\/wp\/v2\/posts\/4594\/revisions"}],"predecessor-version":[{"id":4596,"href":"https:\/\/www.elregional.cl\/index.php?rest_route=\/wp\/v2\/posts\/4594\/revisions\/4596"}],"wp:attachment":[{"href":"https:\/\/www.elregional.cl\/index.php?rest_route=%2Fwp%2Fv2%2Fmedia&parent=4594"}],"wp:term":[{"taxonomy":"category","embeddable":true,"href":"https:\/\/www.elregional.cl\/index.php?rest_route=%2Fwp%2Fv2%2Fcategories&post=4594"},{"taxonomy":"post_tag","embeddable":true,"href":"https:\/\/www.elregional.cl\/index.php?rest_route=%2Fwp%2Fv2%2Ftags&post=4594"}],"curies":[{"name":"wp","href":"https:\/\/api.w.org\/{rel}","templated":true}]}}