{"id":4624,"date":"2025-04-15T22:47:52","date_gmt":"2025-04-15T22:47:52","guid":{"rendered":"https:\/\/www.elregional.cl\/?p=4624"},"modified":"2025-04-15T22:48:54","modified_gmt":"2025-04-15T22:48:54","slug":"entregan-recomendaciones-para-vivir-un-fin-de-semana-seguro-en-la-region-de-coquimbo","status":"publish","type":"post","link":"https:\/\/www.elregional.cl\/?p=4624","title":{"rendered":"Entregan recomendaciones para vivir un fin de semana seguro en la Regi\u00f3n de Coquimbo"},"content":{"rendered":"<p>&nbsp;<\/p>\n<p>Gobierno desplegar\u00e1 a diversos equipos para realizar fiscalizaciones que permitan resguardar a la comunidad y turistas en v\u00edsperas de semana Santa<\/p>\n<p>Una alta expectativa, en cuando a la llegada masiva de visitantes, se ha generado por la conmemoraci\u00f3n del primer feriado largo del a\u00f1o: Semana Santa. Es que, desde este jueves 17 de abril, se espera que a la Regi\u00f3n de Coquimbo puedan arribar cerca de 100 mil turistas provenientes de diversas partes del pa\u00eds y no se descarta la venida de san juaninos que atravesar\u00edan el Paso de Agua Negra.<\/p>\n<p>Para garantizar la seguridad de las personas de la zona y los visitantes, las autoridades han dise\u00f1ado un completo plan de fiscalizaciones, las que contemplan intervenciones en recintos de venta de alimentos y, tambi\u00e9n, planes de seguridad en carreteras para prevenir nuevas muertes por accidentes de tr\u00e1nsito.<\/p>\n<p>\u201cComo Gobierno estamos tomando todas las medidas necesarias para que este primer fin de semana largo del a\u00f1o se d\u00e9 de manera tranquila. Para ello se est\u00e1 desarrollando un intenso plan de fiscalizaciones intersectoriales, para cuidar a los habitantes de nuestra regi\u00f3n y, por supuesto, a los cerca de 100 mil visitantes que esperamos este fin de semana. Adem\u00e1s, se ha reforzado el paso a Agua Negra ya que esperamos la presencia significativa de turistas argentinos, que adem\u00e1s cuentan con un d\u00eda m\u00e1s de feriado. Tenemos grandes expectativas por los beneficios que puede traer para los rubros tur\u00edsticos y gastron\u00f3micos de nuestra Regi\u00f3n de Coquimbo, como autoridades mantendremos un monitoreo permanente para que todos y todas puedan disfrutar de este fin de semana\u201d, precis\u00f3 la Vocera de Gobierno, Paulina Mora.<\/p>\n<p>Al respecto, la autoridad indic\u00f3 que si bien hay una coordinaci\u00f3n interinstitucional para el resguardo de la seguridad p\u00fablica, vial y sanitaria de la comunidad, el llamado siempre es, primero, al autocuidado. Por ello, la Seremi de Gobierno dio cuenta de una serie de medidas y precauciones a tener en cuenta para estos d\u00edas.<\/p>\n<p>En primer lugar, se ya se ha comenzado una completa campa\u00f1a de fiscalizaciones en expendios de pescados y mariscos, para lo cual la Seremi de Salud se ha desplegado por los diversos recintos de la zona revisando medidas sanitarias y la idoneidad del almacenamiento de los alimentos.<\/p>\n<p>\u201cLa autoridad sanitaria est\u00e1 trabajando intensamente, como Gobierno estamos tomando todas las medidas necesarias para que las familias puedan disfrutar tranquilas y seguras de este fin de semana largo, muestra de aquello es que hasta la fecha van m\u00e1s de 130 fiscalizaciones realizadas por el Seremi de Salud, sin embargo, el primer llamado siempre es al autocuidado por lo que la recomendaci\u00f3n siempre es comprar pescados y mariscos en lugares establecidos, donde los productos est\u00e9n con hielo, verificando que se encuentren frescos\u201d, explic\u00f3 la Seremi Paulina Mora<\/p>\n<p>RECOMENDACIONES VIALES.<\/p>\n<p>El a\u00f1o pasado, s\u00f3lo con un d\u00eda feriado en Semana Santa, tal como ocurrir\u00e1 este a\u00f1o, murieron 27 personas en accidentes de tr\u00e1nsito seg\u00fan cifras de la Comisi\u00f3n Nacional de Seguridad de Tr\u00e1nsito (Conaset). A esto se suma que, en la Regi\u00f3n de Coquimbo, ya se registran m\u00e1s de 40 muertes por accidentes de tr\u00e1nsito en lo que va de este a\u00f1o, por lo que el Gobierno reforzar\u00e1 los controles y llam\u00f3 a tomar todas las medidas de seguridad a la hora de desplazarse por las distintas v\u00edas de la regi\u00f3n.<\/p>\n<p>\u201cContamos un programa de fiscalizaciones viales a buses, movilizaci\u00f3n interurbana, rural y autos particulares, los equipos estar\u00e1n desplegados durante toda la jornada, tanto en carreteras como en terminales. Por otra parte, Senda, a trav\u00e9s del Programa Tolerancia Cero, proyecta realizar cerca de 500 fiscalizaciones a conductores mediante narcotest y alcotest. Pero reiteramos, lo m\u00e1s importante son las decisiones que puede tomar cada uno y que pueden llegar a salvar vidas, por ejemplo, el descanso previo de el o los conductores del veh\u00edculo es fundamental antes de partir y, por su puesto, nunca se debe conducir luego de haber consumido bebidas alcoh\u00f3licas y, sobre todo, respetar los l\u00edmites de velocidad\u201d, detall\u00f3 la Vocera Regional, Paulina Mora.<\/p>\n<p>Para finalizar, la autoridad de gobierno reitero el llamado al autocuidado para disfrutar de estos d\u00edas de feriado por Semana Santa.<\/p>\n<p>&nbsp;<\/p>\n<p>&nbsp;<\/p>\n<p>&nbsp;<\/p>\n","protected":false},"excerpt":{"rendered":"<p>&nbsp; Gobierno desplegar\u00e1 a diversos equipos para realizar fiscalizaciones que permitan resguardar a la comunidad y turistas en v\u00edsperas de semana Santa Una alta expectativa, en cuando a la llegada masiva de visitantes, se ha generado por la conmemoraci\u00f3n del primer feriado largo del a\u00f1o: Semana Santa. Es que, desde este jueves 17 de abril, &hellip;<\/p>\n","protected":false},"author":2,"featured_media":0,"comment_status":"closed","ping_status":"closed","sticky":false,"template":"","format":"standard","meta":{"footnotes":""},"categories":[2],"tags":[],"class_list":["post-4624","post","type-post","status-publish","format-standard","hentry","category-regionales"],"_links":{"self":[{"href":"https:\/\/www.elregional.cl\/index.php?rest_route=\/wp\/v2\/posts\/4624","targetHints":{"allow":["GET"]}}],"collection":[{"href":"https:\/\/www.elregional.cl\/index.php?rest_route=\/wp\/v2\/posts"}],"about":[{"href":"https:\/\/www.elregional.cl\/index.php?rest_route=\/wp\/v2\/types\/post"}],"author":[{"embeddable":true,"href":"https:\/\/www.elregional.cl\/index.php?rest_route=\/wp\/v2\/users\/2"}],"replies":[{"embeddable":true,"href":"https:\/\/www.elregional.cl\/index.php?rest_route=%2Fwp%2Fv2%2Fcomments&post=4624"}],"version-history":[{"count":1,"href":"https:\/\/www.elregional.cl\/index.php?rest_route=\/wp\/v2\/posts\/4624\/revisions"}],"predecessor-version":[{"id":4626,"href":"https:\/\/www.elregional.cl\/index.php?rest_route=\/wp\/v2\/posts\/4624\/revisions\/4626"}],"wp:attachment":[{"href":"https:\/\/www.elregional.cl\/index.php?rest_route=%2Fwp%2Fv2%2Fmedia&parent=4624"}],"wp:term":[{"taxonomy":"category","embeddable":true,"href":"https:\/\/www.elregional.cl\/index.php?rest_route=%2Fwp%2Fv2%2Fcategories&post=4624"},{"taxonomy":"post_tag","embeddable":true,"href":"https:\/\/www.elregional.cl\/index.php?rest_route=%2Fwp%2Fv2%2Ftags&post=4624"}],"curies":[{"name":"wp","href":"https:\/\/api.w.org\/{rel}","templated":true}]}}