{"id":4693,"date":"2025-04-18T00:06:41","date_gmt":"2025-04-18T00:06:41","guid":{"rendered":"https:\/\/www.elregional.cl\/?p=4693"},"modified":"2025-04-18T00:12:31","modified_gmt":"2025-04-18T00:12:31","slug":"la-u-derroto-3-1-a-un-palido-deportes-la-serena","status":"publish","type":"post","link":"https:\/\/www.elregional.cl\/?p=4693","title":{"rendered":"La U derrot\u00f3 3-1 a un \u00abp\u00e1lido\u00bb Deportes La Serena"},"content":{"rendered":"<p><strong>Universidad de Chile<\/strong>\u00a0derrot\u00f3 3-1 a\u00a0<strong>Deportes La Serena<\/strong>\u00a0en el Estadio Nacional, en el duelo que dio el vamos a la octava fecha de la\u00a0<strong>Liga de Primera 2025<\/strong>.<\/p>\n<p>Goles de Israel Poblete, Charles Ar\u00e1nguiz y Rodrigo Contreras le dieron la victoria a La U. Mientras, \u00c1ngelo Henr\u00edquez descont\u00f3 para los visitantes.<\/p>\n<p>Con el triunfo,<strong>\u00a0los azules llegaron a 10 puntos y escalaron al sexto lugar del torneo<\/strong>. Mientras, los granates (10) bajaron el noveno lugar por diferencia de goles.<\/p>\n","protected":false},"excerpt":{"rendered":"<p>Universidad de Chile\u00a0derrot\u00f3 3-1 a\u00a0Deportes La Serena\u00a0en el Estadio Nacional, en el duelo que dio el vamos a la octava fecha de la\u00a0Liga de Primera 2025. Goles de Israel Poblete, Charles Ar\u00e1nguiz y Rodrigo Contreras le dieron la victoria a La U. Mientras, \u00c1ngelo Henr\u00edquez descont\u00f3 para los visitantes. Con el triunfo,\u00a0los azules llegaron a &hellip;<\/p>\n","protected":false},"author":2,"featured_media":0,"comment_status":"closed","ping_status":"closed","sticky":false,"template":"","format":"standard","meta":{"footnotes":""},"categories":[5],"tags":[],"class_list":["post-4693","post","type-post","status-publish","format-standard","hentry","category-deportes"],"_links":{"self":[{"href":"https:\/\/www.elregional.cl\/index.php?rest_route=\/wp\/v2\/posts\/4693","targetHints":{"allow":["GET"]}}],"collection":[{"href":"https:\/\/www.elregional.cl\/index.php?rest_route=\/wp\/v2\/posts"}],"about":[{"href":"https:\/\/www.elregional.cl\/index.php?rest_route=\/wp\/v2\/types\/post"}],"author":[{"embeddable":true,"href":"https:\/\/www.elregional.cl\/index.php?rest_route=\/wp\/v2\/users\/2"}],"replies":[{"embeddable":true,"href":"https:\/\/www.elregional.cl\/index.php?rest_route=%2Fwp%2Fv2%2Fcomments&post=4693"}],"version-history":[{"count":1,"href":"https:\/\/www.elregional.cl\/index.php?rest_route=\/wp\/v2\/posts\/4693\/revisions"}],"predecessor-version":[{"id":4694,"href":"https:\/\/www.elregional.cl\/index.php?rest_route=\/wp\/v2\/posts\/4693\/revisions\/4694"}],"wp:attachment":[{"href":"https:\/\/www.elregional.cl\/index.php?rest_route=%2Fwp%2Fv2%2Fmedia&parent=4693"}],"wp:term":[{"taxonomy":"category","embeddable":true,"href":"https:\/\/www.elregional.cl\/index.php?rest_route=%2Fwp%2Fv2%2Fcategories&post=4693"},{"taxonomy":"post_tag","embeddable":true,"href":"https:\/\/www.elregional.cl\/index.php?rest_route=%2Fwp%2Fv2%2Ftags&post=4693"}],"curies":[{"name":"wp","href":"https:\/\/api.w.org\/{rel}","templated":true}]}}