{"id":4725,"date":"2025-04-19T06:43:16","date_gmt":"2025-04-19T06:43:16","guid":{"rendered":"https:\/\/www.elregional.cl\/?p=4725"},"modified":"2025-04-19T06:47:17","modified_gmt":"2025-04-19T06:47:17","slug":"la-xvi-fiesta-del-vino-en-pirque-culmina-con-gran-exito-y-promete-regresar-el-proximo-ano","status":"publish","type":"post","link":"https:\/\/www.elregional.cl\/?p=4725","title":{"rendered":"La XVI Fiesta del Vino en Pirque culmina con gran \u00e9xito y promete regresar el pr\u00f3ximo a\u00f1o"},"content":{"rendered":"<section class=\"fusion-page-title-bar fusion-tb-page-title-bar\">\n<div class=\"fusion-fullwidth fullwidth-box fusion-builder-row-5 fusion-flex-container nonhundred-percent-fullwidth non-hundred-percent-height-scrolling\">\n<div class=\"fusion-builder-row fusion-row fusion-flex-align-items-flex-start fusion-flex-justify-content-center fusion-flex-content-wrap\">\n<div class=\"fusion-layout-column fusion_builder_column fusion-builder-column-7 fusion-flex-column\">\n<div class=\"fusion-column-wrapper fusion-column-has-shadow fusion-flex-justify-content-flex-start fusion-content-layout-column\">\n<div class=\"fusion-title title fusion-title-1 fusion-title-text fusion-title-size-div\">\n<div class=\"fusion-title-heading title-heading-left title-heading-tag fusion-responsive-typography-calculated\"><\/div>\n<div class=\"title-sep-container title-sep-container-right\">\n<div class=\"title-sep sep- sep-solid\"><\/div>\n<\/div>\n<\/div>\n<\/div>\n<\/div>\n<\/div>\n<\/div>\n<\/section>\n<p>&nbsp;<\/p>\n<div class=\"fusion-row\">\n<section id=\"content\">\n<div id=\"post-12118\" class=\"post-12118 post type-post status-publish format-standard has-post-thumbnail hentry category-noticias\">\n<div class=\"post-content\">\n<div class=\"fusion-fullwidth fullwidth-box fusion-builder-row-6 fusion-flex-container nonhundred-percent-fullwidth non-hundred-percent-height-scrolling\">\n<div class=\"fusion-builder-row fusion-row fusion-flex-align-items-flex-start fusion-flex-justify-content-center fusion-flex-content-wrap\">\n<div class=\"fusion-layout-column fusion_builder_column fusion-builder-column-8 fusion-flex-column\">\n<div class=\"fusion-column-wrapper fusion-column-has-shadow fusion-flex-justify-content-center fusion-content-layout-column\">\n<div class=\"fusion-widget-area awb-widget-area-element fusion-widget-area-1 fusion-content-widget-area fecha\">\n<div id=\"execphp-2\" class=\"widget widget_execphp\">\n<div class=\"execphpwidget\"><\/div>\n<\/div>\n<div class=\"fusion-additional-widget-content\"><\/div>\n<\/div>\n<\/div>\n<\/div>\n<div class=\"fusion-layout-column fusion_builder_column fusion-builder-column-9 fusion-flex-column\">\n<div class=\"fusion-column-wrapper fusion-column-has-shadow fusion-flex-justify-content-center fusion-content-layout-column\">\n<div class=\"fusion-sharing-box fusion-sharing-box-1 has-taglines layout-floated layout-medium-floated layout-small-stacked\" data-title=\"La XVI Fiesta del Vino en Pirque culmina con gran \u00e9xito y promete regresar el pr\u00f3ximo a\u00f1o\" data-description=\"Una vez m\u00e1s, el Parque Vicente Huidobro fue el escenario de una de las celebraciones m\u00e1s esperadas de la zona: la XVI versi\u00f3n de la Fiesta del Vino, que se llev\u00f3 a cabo este 12 y 13 de abril, y que reuni\u00f3 a familias, productores locales y amantes del vino en torno a la\" data-link=\"https:\/\/www.pirque.cl\/la-xvi-fiesta-del-vino-en-pirque-culmina-con-gran-exito-y-promete-regresar-el-proximo-ano\/\">\n<div class=\"fusion-social-networks sharingbox-shortcode-icon-wrapper sharingbox-shortcode-icon-wrapper-1\">Una vez m\u00e1s, el Parque Vicente Huidobro fue el escenario de una de las celebraciones m\u00e1s esperadas de la zona: la XVI versi\u00f3n de la Fiesta del Vino, que se llev\u00f3 a cabo este 12 y 13 de abril, y que reuni\u00f3 a familias, productores locales y amantes del vino en torno a la tradici\u00f3n, la gastronom\u00eda y la m\u00fasica.<\/div>\n<\/div>\n<\/div>\n<\/div>\n<div class=\"fusion-layout-column fusion_builder_column fusion-builder-column-10 fusion-flex-column\">\n<div class=\"fusion-column-wrapper fusion-column-has-shadow fusion-flex-justify-content-flex-start fusion-content-layout-column\">\n<div class=\"fusion-content-tb fusion-content-tb-1\">\n<p dir=\"ltr\">La jornada inaugural del s\u00e1bado comenz\u00f3 con una ceremonia encabezada por el alcalde Jaime Escudero Ramos, junto al embajador de Brasil, Paulo Pacheco, diputados, consejeros regionales, autoridades locales, alcaldes de otras comunas, y vecinos, que dieron el puntapi\u00e9 inicial a dos d\u00edas llenos de cultura, sabores y alegr\u00eda.<\/p>\n<p dir=\"ltr\"><img loading=\"lazy\" decoding=\"async\" class=\"alignnone size-medium wp-image-4730\" src=\"https:\/\/www.elregional.cl\/wp-content\/uploads\/2025\/04\/image-2025-04-15T152406.689-1024x767-1-300x225.png\" alt=\"\" width=\"300\" height=\"225\" \/><\/p>\n<p dir=\"ltr\">Durante ambas jornadas, los asistentes pudieron recorrer una variada muestra de productos locales, degustar la mejor gastronom\u00eda de la zona y, por supuesto, disfrutar de los mejores vinos del pa\u00eds con m\u00e1s de treinta vi\u00f1as que se hicieron presentes con sus ricos y variados vinos. Todo esto acompa\u00f1ado de presentaciones musicales en vivo que hicieron vibrar al p\u00fablico, tributos a\u00a0Coldplay\u00a0y\u00a0Ana Gabriel, adem\u00e1s de agrupaciones como\u00a0Los del Valle, donde el broche de oro lo di\u00f3 la destacada banda nacional\u00a0Upa!,\u00a0que hizo disfrutar a todos los asistentes.<\/p>\n<p dir=\"ltr\"><img loading=\"lazy\" decoding=\"async\" class=\"alignnone size-medium wp-image-4732\" src=\"https:\/\/www.elregional.cl\/wp-content\/uploads\/2025\/04\/image-2025-04-15T152408.382-300x225.png\" alt=\"\" width=\"300\" height=\"225\" \/><\/p>\n<p dir=\"ltr\">\u201cEsto es una celebraci\u00f3n que realza el turismo pircano. Pirque es la cuna del enoturismo y esta fiesta es una celebraci\u00f3n de aquello, ya que destaca a nuestras grandes vi\u00f1as, emprendedores y productores locales. Creo que todas las familias lograron no solo disfrutar del vino, sino que de un ambiente grato para el encuentro\u201d, destac\u00f3 el alcalde Jaime Escudero Ramos.<\/p>\n<p dir=\"ltr\">Los m\u00e1s peque\u00f1os tambi\u00e9n fueron protagonistas, disfrutando de un entretenido show infantil especialmente pensado para ellos, lo que reafirma el car\u00e1cter familiar y comunitario del evento.<\/p>\n<p dir=\"ltr\">La Fiesta del Vino en Pirque se consolida, una vez m\u00e1s, como un imperdible del calendario local, celebrando las ra\u00edces y el esp\u00edritu de la comuna con una convocatoria que no deja de crecer.<\/p>\n<p dir=\"ltr\">\u00a1Nos vemos el pr\u00f3ximo a\u00f1o en una nueva versi\u00f3n de la Fiesta del Vino!<\/p>\n<p dir=\"ltr\"><img loading=\"lazy\" decoding=\"async\" class=\"alignnone size-medium wp-image-4733\" src=\"https:\/\/www.elregional.cl\/wp-content\/uploads\/2025\/04\/image-2025-04-15T152403.461-300x225.png\" alt=\"\" width=\"300\" height=\"225\" \/><\/p>\n<\/div>\n<\/div>\n<\/div>\n<\/div>\n<\/div>\n<\/div>\n<\/div>\n<\/section>\n<\/div>\n<p>&nbsp;<\/p>\n","protected":false},"excerpt":{"rendered":"<p>&nbsp; Una vez m\u00e1s, el Parque Vicente Huidobro fue el escenario de una de las celebraciones m\u00e1s esperadas de la zona: la XVI versi\u00f3n de la Fiesta del Vino, que se llev\u00f3 a cabo este 12 y 13 de abril, y que reuni\u00f3 a familias, productores locales y amantes del vino en torno a la &hellip;<\/p>\n","protected":false},"author":2,"featured_media":0,"comment_status":"closed","ping_status":"closed","sticky":false,"template":"","format":"standard","meta":{"footnotes":""},"categories":[3],"tags":[],"class_list":["post-4725","post","type-post","status-publish","format-standard","hentry","category-pais"],"_links":{"self":[{"href":"https:\/\/www.elregional.cl\/index.php?rest_route=\/wp\/v2\/posts\/4725","targetHints":{"allow":["GET"]}}],"collection":[{"href":"https:\/\/www.elregional.cl\/index.php?rest_route=\/wp\/v2\/posts"}],"about":[{"href":"https:\/\/www.elregional.cl\/index.php?rest_route=\/wp\/v2\/types\/post"}],"author":[{"embeddable":true,"href":"https:\/\/www.elregional.cl\/index.php?rest_route=\/wp\/v2\/users\/2"}],"replies":[{"embeddable":true,"href":"https:\/\/www.elregional.cl\/index.php?rest_route=%2Fwp%2Fv2%2Fcomments&post=4725"}],"version-history":[{"count":3,"href":"https:\/\/www.elregional.cl\/index.php?rest_route=\/wp\/v2\/posts\/4725\/revisions"}],"predecessor-version":[{"id":4734,"href":"https:\/\/www.elregional.cl\/index.php?rest_route=\/wp\/v2\/posts\/4725\/revisions\/4734"}],"wp:attachment":[{"href":"https:\/\/www.elregional.cl\/index.php?rest_route=%2Fwp%2Fv2%2Fmedia&parent=4725"}],"wp:term":[{"taxonomy":"category","embeddable":true,"href":"https:\/\/www.elregional.cl\/index.php?rest_route=%2Fwp%2Fv2%2Fcategories&post=4725"},{"taxonomy":"post_tag","embeddable":true,"href":"https:\/\/www.elregional.cl\/index.php?rest_route=%2Fwp%2Fv2%2Ftags&post=4725"}],"curies":[{"name":"wp","href":"https:\/\/api.w.org\/{rel}","templated":true}]}}