{"id":4740,"date":"2025-04-19T06:59:31","date_gmt":"2025-04-19T06:59:31","guid":{"rendered":"https:\/\/www.elregional.cl\/?p=4740"},"modified":"2025-04-19T06:59:31","modified_gmt":"2025-04-19T06:59:31","slug":"por-lluvias-e-inundaciones-en-bolivia-gobierno-envio-cinco-toneladas-de-articulos-y-productos-de-ayuda","status":"publish","type":"post","link":"https:\/\/www.elregional.cl\/?p=4740","title":{"rendered":"Por lluvias e inundaciones en Bolivia: Gobierno envi\u00f3 cinco toneladas de art\u00edculos y productos de ayuda"},"content":{"rendered":"<p>\u00abNuestra patria responde a la solicitud de ayuda de nuestros vecinos con el env\u00edo de elementos de emergencia (\u2026) Mucha fuerza para el pueblo boliviano en estos momentos\u00bb, dijo el Presidente Boric.<\/p>\n<p>A ra\u00edz de las fuertes lluvias e inundaciones que han afectado a m\u00e1s de 378.000 familias en Bolivia y que han dejado hasta ahora un total de 55 fallecidos y ocho personas desaparecidas, el Gobierno de Chile envi\u00f3 un avi\u00f3n de la FACh con cinco toneladas de art\u00edculos y productos de ayuda para el pa\u00eds vecino.<br \/>\nEl hecho fue comunicado en redes sociales por el Ministerio de Defensa Nacional, quienes se\u00f1alaron que \u00abun C-130 H\u00e9rcules de la FACh Chile aterriz\u00f3 en la Paz con 5 toneladas de art\u00edculos y productos, como colchones, alimentos y kits de higiene, para contribuir en la recuperaci\u00f3n de las zonas afectadas por las lluvias e inundaciones\u00bb.<br \/>\nTras ello, el Presidente Gabriel Boric tambi\u00e9n se manifest\u00f3 respecto a esta ayuda humanitaria en su cuenta de X, asegurando que \u00aben Chile sabemos que en momentos dif\u00edciles la uni\u00f3n y colaboraci\u00f3n entre pa\u00edses latinoamericanos es fundamental, m\u00e1s a\u00fan con tragedias como las que enfrenta Bolivia tras las intensas lluvias e inundaciones que han dejado a miles de familias afectadas\u00bb.<br \/>\n\u00abNuestra patria responde a la solicitud de ayuda de nuestros vecinos con el env\u00edo de elementos de emergencia, entre ellos frazadas, colchones, almohadas y kits de alimentaci\u00f3n y de aseo. Mucha fuerza para el pueblo boliviano en estos momentos\u00bb, sentenci\u00f3 el Mandatario.<\/p>\n<p>Soychile.cl<\/p>\n","protected":false},"excerpt":{"rendered":"<p>\u00abNuestra patria responde a la solicitud de ayuda de nuestros vecinos con el env\u00edo de elementos de emergencia (\u2026) Mucha fuerza para el pueblo boliviano en estos momentos\u00bb, dijo el Presidente Boric. A ra\u00edz de las fuertes lluvias e inundaciones que han afectado a m\u00e1s de 378.000 familias en Bolivia y que han dejado hasta &hellip;<\/p>\n","protected":false},"author":2,"featured_media":0,"comment_status":"closed","ping_status":"closed","sticky":false,"template":"","format":"standard","meta":{"footnotes":""},"categories":[4],"tags":[],"class_list":["post-4740","post","type-post","status-publish","format-standard","hentry","category-mundo"],"_links":{"self":[{"href":"https:\/\/www.elregional.cl\/index.php?rest_route=\/wp\/v2\/posts\/4740","targetHints":{"allow":["GET"]}}],"collection":[{"href":"https:\/\/www.elregional.cl\/index.php?rest_route=\/wp\/v2\/posts"}],"about":[{"href":"https:\/\/www.elregional.cl\/index.php?rest_route=\/wp\/v2\/types\/post"}],"author":[{"embeddable":true,"href":"https:\/\/www.elregional.cl\/index.php?rest_route=\/wp\/v2\/users\/2"}],"replies":[{"embeddable":true,"href":"https:\/\/www.elregional.cl\/index.php?rest_route=%2Fwp%2Fv2%2Fcomments&post=4740"}],"version-history":[{"count":1,"href":"https:\/\/www.elregional.cl\/index.php?rest_route=\/wp\/v2\/posts\/4740\/revisions"}],"predecessor-version":[{"id":4742,"href":"https:\/\/www.elregional.cl\/index.php?rest_route=\/wp\/v2\/posts\/4740\/revisions\/4742"}],"wp:attachment":[{"href":"https:\/\/www.elregional.cl\/index.php?rest_route=%2Fwp%2Fv2%2Fmedia&parent=4740"}],"wp:term":[{"taxonomy":"category","embeddable":true,"href":"https:\/\/www.elregional.cl\/index.php?rest_route=%2Fwp%2Fv2%2Fcategories&post=4740"},{"taxonomy":"post_tag","embeddable":true,"href":"https:\/\/www.elregional.cl\/index.php?rest_route=%2Fwp%2Fv2%2Ftags&post=4740"}],"curies":[{"name":"wp","href":"https:\/\/api.w.org\/{rel}","templated":true}]}}