{"id":477,"date":"2024-08-19T23:05:06","date_gmt":"2024-08-19T23:05:06","guid":{"rendered":"https:\/\/www.elregional.cl\/?p=477"},"modified":"2024-08-19T23:10:59","modified_gmt":"2024-08-19T23:10:59","slug":"conoce-las-10-playas-que-van-a-desaparecer-en-chile","status":"publish","type":"post","link":"https:\/\/www.elregional.cl\/?p=477","title":{"rendered":"Conoce las 10 playas que van a desaparecer en Chile."},"content":{"rendered":"<div class=\"temasDelMomento\">\n<div class=\"box\">\n<p>&nbsp;<\/p>\n<\/div>\n<\/div>\n<p>&nbsp;<\/p>\n<div class=\"contenedorArticulosScroll\">\n<article id=\"456264\" class=\"mrf-article-body articleScrolling notasScroll articles-enchained scrolling-\" data-imagen=\"https:\/\/images2-mega.cdn.mdstrm.com\/meganoticias\/2024\/08\/19\/456264_1_66c3788561ec8.jpg\" data-url=\"https:\/\/www.meganoticias.cl\/nacional\/456264-playas-con-mas-peligro-de-desaparecer-en-chile-top-10-brk-19-08-2024.html\" data-title=\"De Hornitos a Pichilemu: El top 10 de las playas con mayor peligro de desaparecer\" data-periodista=\"Javiera Rodr\u00edguez\" data-fecha=\"19\/08\/2024\" data-hora=\"14:36\" data-carpeta=\"Nacional\" data-tags=\"Medioambiente,Noticias Chile\">\n<div class=\"container\">\n<div class=\"cuerpo intersect-player-scroll\">\n<div class=\"contenedor-contenido\">\n<div class=\"portada-video destacado-articulo\">\n<div class=\"video-destacado\">\n<div id=\"mdstrm-player\">\n<div id=\"mdstrm-player-articulo-456264\" class=\"sticky-follow\">Mega.cl<\/div>\n<\/div>\n<\/div>\n<\/div>\n<div class=\"contenido-nota\">\n<p>En Chile hay playas que est\u00e1n desapareciendo a un ritmo impresionante. Algunas de ellas\u00a0<strong>no existir\u00e1n dentro de 15 a\u00f1os<\/strong>.<\/p>\n<p>Mega Investiga accedi\u00f3 a la actualizaci\u00f3n del estudio cient\u00edfico del<strong>\u00a0Observatorio de la Costa<\/strong> de la Universidad Cat\u00f3lica, que comprueba que la erosi\u00f3n avanza y destruye con rapidez muchos de los balnearios populares.<\/p>\n<div class=\"section-dfp topright\">\n<div class=\"box\">\n<div class=\"topright\">\n<div id=\"slot_topright_66c3cdd4b5efc\" class=\"slotAds\" data-google-query-id=\"CM6rhPCTgogDFWhNuAQdWL0efw\">\n<div id=\"google_ads_iframe_143911651\/meganoticias.cl\/nacional\/interior\/topright_1__container__\"><\/div>\n<\/div>\n<\/div>\n<\/div>\n<\/div>\n<p>&nbsp;<\/p>\n<p>Si antes se hablaba de que en el territorio nacional hab\u00eda 66 playas con peligro de desaparecer, actualmente esta cifra\u00a0<strong>aument\u00f3 a 72<\/strong>.<\/p>\n<h2>El top 10 de las playas con m\u00e1s riesgo de desaparecer<\/h2>\n<p><strong>Carolina Mart\u00ednez<\/strong>, mag\u00edster en Geograf\u00eda de la Universidad de Chile y doctora por la Universidad de Barcelona, es parte del Observatorio de la Costa y el fen\u00f3meno que m\u00e1s ha estudiado son las marejadas.<img loading=\"lazy\" decoding=\"async\" class=\"alignnone size-full wp-image-481\" src=\"https:\/\/www.elregional.cl\/wp-content\/uploads\/2024\/08\/images-1.jpeg\" alt=\"\" width=\"275\" height=\"183\" \/><\/p>\n<p>&nbsp;<\/p>\n<div class=\"section-dfp right\">\n<div class=\"box\">\n<div class=\"right\"><\/div>\n<\/div>\n<\/div>\n<p>&nbsp;<\/p>\n<figure class=\"pieImgBody\"><picture><source srcset=\"https:\/\/images2.mega.cl\/meganoticias\/2024\/08\/19\/456264_1_66c3788561ec8.jpg?d=305x305\" media=\"(max-width: 500px)\" \/><source srcset=\"https:\/\/images2.mega.cl\/meganoticias\/2024\/08\/19\/456264_1_66c3788561ec8.jpg?d=610x610\" media=\"(min-width: 501px)\" \/><img decoding=\"async\" src=\"https:\/\/images2.mega.cl\/meganoticias\/2024\/08\/19\/456264_1_66c3788561ec8.jpg\" \/><\/picture><figcaption>Playa en Algarrobo<\/figcaption><\/figure>\n<p>De acuerdo a sus investigaciones,\u00a0hay un\u00a0<strong>top 10 de playas<\/strong>\u00a0que preocupa, ya que son las que m\u00e1s metraje pierden a\u00f1o a a\u00f1o:<\/p>\n<ul>\n<li><strong>Hornitos<\/strong>, regi\u00f3n de Antofagasta<\/li>\n<li><strong>Pichicuy<\/strong>, regi\u00f3n de Valpara\u00edso<\/li>\n<li><strong>Bah\u00eda de Conc\u00f3n<\/strong>, regi\u00f3n de Valpara\u00edso<\/li>\n<li><strong>Re\u00f1aca<\/strong>, regi\u00f3n de Valpara\u00edso<\/li>\n<li><strong>Caleta Portales<\/strong>, regi\u00f3n de Valpara\u00edso<\/li>\n<li><strong>Algarrobo<\/strong>, regi\u00f3n de Valpara\u00edso<\/li>\n<li><strong>Bah\u00eda de Cartagena<\/strong>, regi\u00f3n de Valpara\u00edso<\/li>\n<li><strong>Santo Domingo<\/strong>, regi\u00f3n de Valpara\u00edso<\/li>\n<li><strong>Los Molles<\/strong>, regi\u00f3n de Valpara\u00edso<\/li>\n<li><strong>Pichilemu<\/strong>, regi\u00f3n de O\u2019Higgins<\/li>\n<\/ul>\n<p>\u00abEstamos en un punto de\u00a0<strong>cambio cr\u00edtico<\/strong>, en una condici\u00f3n muy de incertidumbre, especialmente por los escenarios adversos que tenemos, que sabemos son del cambio clim\u00e1tico\u00bb, afirm\u00f3 la experta.<\/p>\n<p><img loading=\"lazy\" decoding=\"async\" class=\"size-medium wp-image-482\" src=\"https:\/\/www.elregional.cl\/wp-content\/uploads\/2024\/08\/costaalgarrobo-300x198.jpg\" alt=\"\" width=\"300\" height=\"198\" \/><\/p>\n<\/div>\n<\/div>\n<\/div>\n<\/div>\n<\/article>\n<\/div>\n<p>&nbsp;<\/p>\n","protected":false},"excerpt":{"rendered":"<p>&nbsp; &nbsp; Mega.cl En Chile hay playas que est\u00e1n desapareciendo a un ritmo impresionante. Algunas de ellas\u00a0no existir\u00e1n dentro de 15 a\u00f1os. Mega Investiga accedi\u00f3 a la actualizaci\u00f3n del estudio cient\u00edfico del\u00a0Observatorio de la Costa de la Universidad Cat\u00f3lica, que comprueba que la erosi\u00f3n avanza y destruye con rapidez muchos de los balnearios populares. &nbsp; &hellip;<\/p>\n","protected":false},"author":2,"featured_media":0,"comment_status":"closed","ping_status":"closed","sticky":false,"template":"","format":"standard","meta":{"footnotes":""},"categories":[3],"tags":[],"class_list":["post-477","post","type-post","status-publish","format-standard","hentry","category-pais"],"_links":{"self":[{"href":"https:\/\/www.elregional.cl\/index.php?rest_route=\/wp\/v2\/posts\/477","targetHints":{"allow":["GET"]}}],"collection":[{"href":"https:\/\/www.elregional.cl\/index.php?rest_route=\/wp\/v2\/posts"}],"about":[{"href":"https:\/\/www.elregional.cl\/index.php?rest_route=\/wp\/v2\/types\/post"}],"author":[{"embeddable":true,"href":"https:\/\/www.elregional.cl\/index.php?rest_route=\/wp\/v2\/users\/2"}],"replies":[{"embeddable":true,"href":"https:\/\/www.elregional.cl\/index.php?rest_route=%2Fwp%2Fv2%2Fcomments&post=477"}],"version-history":[{"count":3,"href":"https:\/\/www.elregional.cl\/index.php?rest_route=\/wp\/v2\/posts\/477\/revisions"}],"predecessor-version":[{"id":484,"href":"https:\/\/www.elregional.cl\/index.php?rest_route=\/wp\/v2\/posts\/477\/revisions\/484"}],"wp:attachment":[{"href":"https:\/\/www.elregional.cl\/index.php?rest_route=%2Fwp%2Fv2%2Fmedia&parent=477"}],"wp:term":[{"taxonomy":"category","embeddable":true,"href":"https:\/\/www.elregional.cl\/index.php?rest_route=%2Fwp%2Fv2%2Fcategories&post=477"},{"taxonomy":"post_tag","embeddable":true,"href":"https:\/\/www.elregional.cl\/index.php?rest_route=%2Fwp%2Fv2%2Ftags&post=477"}],"curies":[{"name":"wp","href":"https:\/\/api.w.org\/{rel}","templated":true}]}}