{"id":4853,"date":"2025-04-21T13:42:20","date_gmt":"2025-04-21T13:42:20","guid":{"rendered":"https:\/\/www.elregional.cl\/?p=4853"},"modified":"2025-04-21T13:42:20","modified_gmt":"2025-04-21T13:42:20","slug":"vecinos-de-tierras-blancas-fortalecen-la-seguridad-en-su-barrio-con-la-instalacion-de-alarmas-comunitarias","status":"publish","type":"post","link":"https:\/\/www.elregional.cl\/?p=4853","title":{"rendered":"Vecinos de Tierras Blancas fortalecen la seguridad en su barrio con la instalaci\u00f3n de alarmas comunitarias"},"content":{"rendered":"<div class=\"et_pb_module et_pb_post_title et_pb_post_title_0_tb_body et_pb_bg_layout_light  et_pb_text_align_left\">\n<div class=\"et_pb_title_container\">\n<h1 class=\"entry-title\"><\/h1>\n<\/div>\n<\/div>\n<div class=\"et_pb_module et_pb_text et_pb_text_1_tb_body  et_pb_text_align_left et_pb_bg_layout_light\">\n<div class=\"et_pb_text_inner\">El proyecto benefici\u00f3 a 120 hogares de Tierras Blancas con la instalaci\u00f3n de 12 centrales de alarmas comunitarias y 120 controles remotos, gracias a una inversi\u00f3n de $4.499.430 del Fondo de Seguridad Ciudadana.<\/div>\n<\/div>\n<div class=\"et_pb_module et_pb_image et_pb_image_0_tb_body\"><\/div>\n<div class=\"et_pb_module et_pb_post_title et_pb_post_title_1_tb_body et_pb_bg_layout_light  et_pb_text_align_left\">\n<div class=\"et_pb_title_container\">\n<p class=\"et_pb_title_meta_container\">\u201cComunidad unida jam\u00e1s ser\u00e1 vencida\u201d es el nombre del proyecto que la junta de vecinos Juan Antonio R\u00edos de Tierras Blancas, con la asesor\u00eda t\u00e9cnica del Municipio de Coquimbo, a trav\u00e9s de la Delegaci\u00f3n Municipal del sector, postul\u00f3 al Fondo de Seguridad Ciudadana del Gobierno Regional, entidad que adjudic\u00f3 el financiamiento necesario para adquirir e instalar 12 centrales de alarmas comunitarias y 120 controles remotos de activaci\u00f3n, con los que vecinos y vecinas, puedan hacerle frente a la delincuencia y disminuir la sensaci\u00f3n de inseguridad en su barrio.<\/p>\n<\/div>\n<\/div>\n<div class=\"et_pb_module et_pb_post_content et_pb_post_content_0_tb_body\">\n<p>El proyecto, beneficia de manera directa\u00a0a 120 hogares, principalmente adultos mayores y mujeres, que quedan solas en sus hogares o al cuidado de sus hijos gran parte del d\u00eda, por lo que estas alarmas comunitarias, ser\u00e1n de gran ayuda para alertar a sus vecinos sobre alg\u00fan hecho delictual o emergencia que ocurra en sus viviendas y espacios p\u00fablicos del territorio.<\/p>\n<p>Respecto a este logro para la comunidad local, y el trabajo realizado junto al equipo municipal, Yasna Espinosa, presidenta de la Junta de vecinos Juan Antonio R\u00edos, indic\u00f3 que\u00a0<em>\u201cEstamos felices, no nos demoramos mucho y el proyecto sali\u00f3 r\u00e1pido, anhel\u00e1bamos esto hace tiempo y ahora vamos por las c\u00e1maras de seguridad. Afortunadamente aqu\u00ed todav\u00eda estamos un poco tranquilos, la delincuencia no ha llegado todav\u00eda a nuestro sector, pero esto es para mis vecinos, uno trabaja para ellos, para que tengan m\u00e1s seguridad\u201d.<\/em><\/p>\n<p>Las alarmas comunitarias con que cuenta la junta de vecinos Juan Antonio R\u00edos, contempl\u00f3 una inversi\u00f3n de $4.499.430, lo que permiti\u00f3 la instalaci\u00f3n de los dispositivos de alerta en las \u00e1reas residenciales del sector. Un proyecto que, junto con mejorar la percepci\u00f3n de seguridad, tambi\u00e9n favorecer\u00e1 la organizaci\u00f3n vecinal, logrando una mejor convivencia y calidad de vida para sus habitantes.<\/p>\n<p>Sobre esta iniciativa, Mar\u00eda Cristina Concha, consejera regional felicit\u00f3 a los vecinos por la iniciativa y al Municipio de Coquimbo por ayudar a la comunidad en la elaboraci\u00f3n de estos proyectos, \u201cNosotros seguiremos dispuestos a colaborar como Gobierno Regional con los fondos, que a veces es la parte m\u00e1s importante, pero no es menor el hecho de desarrollar el proyecto junto con los vecinos\u201d, manifest\u00f3.<\/p>\n<p>Gestionar y conseguir herramientas para entregar mayor seguridad a la comunidad, es una de las prioridades de la actual administraci\u00f3n municipal, en ese sentido, es relevante el trabajo conjunto entre los dirigentes sociales y las delegaciones municipales existentes en el territorio que, como en el caso de Tierras Blancas, avanzan en la formulaci\u00f3n y postulaci\u00f3n de proyectos en beneficio directo de las y los vecinos del sector.<\/p>\n<\/div>\n","protected":false},"excerpt":{"rendered":"<p>El proyecto benefici\u00f3 a 120 hogares de Tierras Blancas con la instalaci\u00f3n de 12 centrales de alarmas comunitarias y 120 controles remotos, gracias a una inversi\u00f3n de $4.499.430 del Fondo de Seguridad Ciudadana. \u201cComunidad unida jam\u00e1s ser\u00e1 vencida\u201d es el nombre del proyecto que la junta de vecinos Juan Antonio R\u00edos de Tierras Blancas, con &hellip;<\/p>\n","protected":false},"author":2,"featured_media":0,"comment_status":"closed","ping_status":"closed","sticky":false,"template":"","format":"standard","meta":{"footnotes":""},"categories":[2],"tags":[],"class_list":["post-4853","post","type-post","status-publish","format-standard","hentry","category-regionales"],"_links":{"self":[{"href":"https:\/\/www.elregional.cl\/index.php?rest_route=\/wp\/v2\/posts\/4853","targetHints":{"allow":["GET"]}}],"collection":[{"href":"https:\/\/www.elregional.cl\/index.php?rest_route=\/wp\/v2\/posts"}],"about":[{"href":"https:\/\/www.elregional.cl\/index.php?rest_route=\/wp\/v2\/types\/post"}],"author":[{"embeddable":true,"href":"https:\/\/www.elregional.cl\/index.php?rest_route=\/wp\/v2\/users\/2"}],"replies":[{"embeddable":true,"href":"https:\/\/www.elregional.cl\/index.php?rest_route=%2Fwp%2Fv2%2Fcomments&post=4853"}],"version-history":[{"count":1,"href":"https:\/\/www.elregional.cl\/index.php?rest_route=\/wp\/v2\/posts\/4853\/revisions"}],"predecessor-version":[{"id":4855,"href":"https:\/\/www.elregional.cl\/index.php?rest_route=\/wp\/v2\/posts\/4853\/revisions\/4855"}],"wp:attachment":[{"href":"https:\/\/www.elregional.cl\/index.php?rest_route=%2Fwp%2Fv2%2Fmedia&parent=4853"}],"wp:term":[{"taxonomy":"category","embeddable":true,"href":"https:\/\/www.elregional.cl\/index.php?rest_route=%2Fwp%2Fv2%2Fcategories&post=4853"},{"taxonomy":"post_tag","embeddable":true,"href":"https:\/\/www.elregional.cl\/index.php?rest_route=%2Fwp%2Fv2%2Ftags&post=4853"}],"curies":[{"name":"wp","href":"https:\/\/api.w.org\/{rel}","templated":true}]}}