{"id":4872,"date":"2025-04-21T19:27:37","date_gmt":"2025-04-21T19:27:37","guid":{"rendered":"https:\/\/www.elregional.cl\/?p=4872"},"modified":"2025-04-21T19:27:37","modified_gmt":"2025-04-21T19:27:37","slug":"wall-street-se-hunde-en-medio-de-dudas-por-la-independencia-de-la-reserva-federal-de-estados-unidos","status":"publish","type":"post","link":"https:\/\/www.elregional.cl\/?p=4872","title":{"rendered":"Wall Street se hunde en medio de dudas por la independencia de la Reserva Federal de Estados Unidos"},"content":{"rendered":"<div class=\"div_titulo\">\n<h1 id=\"ucDetalle_TituloNoticia\"><\/h1>\n<\/div>\n<div class=\"div_h2\">\n<h5 id=\"ucDetalle_BajadaNoticia\">Emol.cl<\/h5>\n<h5>Donald Trump ha intensificado sus ataques al presidente de la Fed, cuyo despido pidi\u00f3 la semana pasada.<\/h5>\n<\/div>\n<div class=\"contenedor-columnas\" data-vista=\"relato\">\n<div class=\"box-central\">\n<div class=\"mrcdr_cont_relato\"><\/div>\n<\/div>\n<div class=\"box-columna\">Wall Street incrementaba su ca\u00edda a media sesi\u00f3n este lunes, c<b>on p\u00e9rdidas cercanas al 3% en los principales indicadores,<\/b>\u00a0tras un nuevo ataque del presidente estadounidense Donald Trump al presidente de la Reserva Federal (Fed), Jerome Powell,<b>\u00a0inyectando dudas respecto de la independencia del banco central de EE.UU..<\/b><\/div>\n<\/div>\n<div id=\"ucDetalle_CuerpoNoticia\" class=\"cuerpo_noticia cuerpo_noti_height_full\">\n<div><\/div>\n<div>Poco despu\u00e9s del mediod\u00eda en la Bolsa de Nueva York, el tecnol\u00f3gico Nasdaq perd\u00eda un 3,02%, el S&amp;P 500 se dejaba un 2,77% y el Dow Jones recortaba un 2,66%, m\u00e1s de 1.000 puntos, mientras que la volatilidad, medida en el \u00edndice Vix, se disparaba un 16%.<\/div>\n<div><\/div>\n<div>\n<div id=\"contRelacionadas_1164088-1163930\">\n<div class=\"flo_left cont_items_detalle_50\">\n<div class=\"flo_left bor_cont_img_mas_vistas cont_sec_emol sec_mas_vistas_emol\">\n<div class=\"cont_tit_sec_emol bg_tit_sec bor_tit_sec\">Trump redobl\u00f3 su ataque a Powell, cuyo despido pidi\u00f3 la semana pasada, y le inst\u00f3 a bajar los tipos de inter\u00e9s para evitar la ralentizaci\u00f3n de la econom\u00eda, sin mencionar su agresiva pol\u00edtica arancelaria, que ha desencadenado una guerra comercial con China, y que est\u00e1 presionando los precios.<\/div>\n<\/div>\n<\/div>\n<\/div>\n<\/div>\n<div><\/div>\n<div>Lo hizo en un mensaje en su red social Truth Social en el que calific\u00f3 a Powell -que ha defendido la independencia del banco central- de \u00abSe\u00f1or Tard\u00f3n\u00bb y un \u00abgran perdedor\u00bb, y asegur\u00f3 que \u00abmuchos est\u00e1n reclamando recortes preventivos en los tipos de inter\u00e9s\u00bb porque est\u00e1n bajando los costes de la energ\u00eda.<\/div>\n<div><\/div>\n<div>Los sectores que m\u00e1s bajaban a esta hora eran el de bienes no esenciales y el tecnol\u00f3gico, por encima del 3,5%, arrastrados por grandes cotizadas tecnol\u00f3gicas como Tesla (-7%), que es propiedad del magnate Elon Musk, mano derecha de Trump, y tambi\u00e9n Nvidia (-5%) o Amazon (-4%).<\/div>\n<div><\/div>\n<div>Mientras se produc\u00edan ventas de acciones, tambi\u00e9n destacaba la subida en los rendimientos del bono del Tesoro a 10 a\u00f1os, hasta el 4,372%, la revalorizaci\u00f3n del oro a 3.430 d\u00f3lares la onza (-3%) y ca\u00edda del d\u00f3lar frente al euro, que se cambiaba a US$1,1511.<\/div>\n<\/div>\n","protected":false},"excerpt":{"rendered":"<p>Emol.cl Donald Trump ha intensificado sus ataques al presidente de la Fed, cuyo despido pidi\u00f3 la semana pasada. Wall Street incrementaba su ca\u00edda a media sesi\u00f3n este lunes, con p\u00e9rdidas cercanas al 3% en los principales indicadores,\u00a0tras un nuevo ataque del presidente estadounidense Donald Trump al presidente de la Reserva Federal (Fed), Jerome Powell,\u00a0inyectando dudas &hellip;<\/p>\n","protected":false},"author":2,"featured_media":0,"comment_status":"closed","ping_status":"closed","sticky":false,"template":"","format":"standard","meta":{"footnotes":""},"categories":[4],"tags":[],"class_list":["post-4872","post","type-post","status-publish","format-standard","hentry","category-mundo"],"_links":{"self":[{"href":"https:\/\/www.elregional.cl\/index.php?rest_route=\/wp\/v2\/posts\/4872","targetHints":{"allow":["GET"]}}],"collection":[{"href":"https:\/\/www.elregional.cl\/index.php?rest_route=\/wp\/v2\/posts"}],"about":[{"href":"https:\/\/www.elregional.cl\/index.php?rest_route=\/wp\/v2\/types\/post"}],"author":[{"embeddable":true,"href":"https:\/\/www.elregional.cl\/index.php?rest_route=\/wp\/v2\/users\/2"}],"replies":[{"embeddable":true,"href":"https:\/\/www.elregional.cl\/index.php?rest_route=%2Fwp%2Fv2%2Fcomments&post=4872"}],"version-history":[{"count":1,"href":"https:\/\/www.elregional.cl\/index.php?rest_route=\/wp\/v2\/posts\/4872\/revisions"}],"predecessor-version":[{"id":4874,"href":"https:\/\/www.elregional.cl\/index.php?rest_route=\/wp\/v2\/posts\/4872\/revisions\/4874"}],"wp:attachment":[{"href":"https:\/\/www.elregional.cl\/index.php?rest_route=%2Fwp%2Fv2%2Fmedia&parent=4872"}],"wp:term":[{"taxonomy":"category","embeddable":true,"href":"https:\/\/www.elregional.cl\/index.php?rest_route=%2Fwp%2Fv2%2Fcategories&post=4872"},{"taxonomy":"post_tag","embeddable":true,"href":"https:\/\/www.elregional.cl\/index.php?rest_route=%2Fwp%2Fv2%2Ftags&post=4872"}],"curies":[{"name":"wp","href":"https:\/\/api.w.org\/{rel}","templated":true}]}}