{"id":4912,"date":"2025-04-22T23:40:59","date_gmt":"2025-04-22T23:40:59","guid":{"rendered":"https:\/\/www.elregional.cl\/?p=4912"},"modified":"2025-04-23T00:49:04","modified_gmt":"2025-04-23T00:49:04","slug":"pirque","status":"publish","type":"post","link":"https:\/\/www.elregional.cl\/?p=4912","title":{"rendered":"Pirque de la mano de su Alcalde avanzan a pasos agigantados a convertirse en una atrayente zona de inter\u00e9s tur\u00edstico"},"content":{"rendered":"<p>\u00a1Otro avance importante para el TURISMO PIRCANO!<\/p>\n<p>Por: Andr\u00e9s Sandoval Z.<\/p>\n<p>&nbsp;<\/p>\n<p>Hoy Pirque marca un nuevo hito en la implementaci\u00f3n de un plan de acci\u00f3n que hace a esta pujante comuna avanzar un paso m\u00e1s en el camino de declaratoria de Zona de Inter\u00e9s Tur\u00edstico .<\/p>\n<p>Gracias al compromiso del Alcalde Jaime Escudero Ramos y el trabajo dedicado de los equipos municipales, contin\u00faan avanzando para fomentar el turismo pircano. Adem\u00e1s de el equipo de Sernatur Chile que\u00a0 ha encaminado este prolijo trabajo paso a paso en las diferentes etapas para la creaci\u00f3n de una Zona de Inter\u00e9s Tur\u00edstico en Pirque.<\/p>\n<p><img loading=\"lazy\" decoding=\"async\" class=\"alignnone size-medium wp-image-4922\" src=\"https:\/\/www.elregional.cl\/wp-content\/uploads\/2025\/04\/Screenshot_20250422_200938_Gallery-300x172.jpg\" alt=\"\" width=\"300\" height=\"172\" \/><\/p>\n<p>La historia de Pirque est\u00e1 ligada a la de Chile y sus primeros pasos en establecer ciudades y hacentamientos rurales<\/p>\n<p>&nbsp;<\/p>\n<article class=\"amp-wp-article\">\n<figure class=\"amp-wp-article-featured-image wp-caption\">\n<p class=\"wp-caption-text\">Pirque<\/p>\n<\/figure>\n<div class=\"amp-wp-article-content\">\n<h1 class=\"amp-wp-102b7f8\" data-amp-original-style=\"text-align: left;\"><span class=\"amp-wp-e4f155c\" data-amp-original-style=\"font-family: helvetica, arial, sans-serif; font-size: 18pt; color: #000000;\"><strong>Pirque\u00a0<\/strong><strong>Historia de un Valle.<\/strong><\/span><\/h1>\n<p><img loading=\"lazy\" decoding=\"async\" class=\"alignnone size-medium wp-image-4923\" src=\"https:\/\/www.elregional.cl\/wp-content\/uploads\/2025\/04\/Screenshot_20250422_201305_Gallery-300x202.jpg\" alt=\"\" width=\"300\" height=\"202\" \/><\/p>\n<h2><span class=\"amp-wp-60228da\" data-amp-original-style=\"font-size: 12pt; font-family: helvetica, arial, sans-serif;\"><strong>La profunda cultura en una isla agr\u00edcola campesina<\/strong>.<\/span><\/h2>\n<p>&nbsp;<\/p>\n<p class=\"amp-wp-7d27179\" data-amp-original-style=\"text-align: justify;\"><span class=\"amp-wp-5df9b35\" data-amp-original-style=\"font-family: helvetica, arial, sans-serif;\"><span class=\"amp-wp-5443cfc\" data-amp-original-style=\"color: #000000;\">Pirque, historia de un Valle rodeado de monta\u00f1as, ubicado a menos de 30 kil\u00f3metros de Santiago, historia que comienza d<\/span><span class=\"amp-wp-5443cfc\" data-amp-original-style=\"color: #000000;\">esde antes de la llegada de los espa\u00f1oles a Am\u00e9rica hasta nuestros d\u00edas.<\/span><\/span><\/p>\n<p class=\"amp-wp-7d27179\" data-amp-original-style=\"text-align: justify;\"><span class=\"amp-wp-5df9b35\" data-amp-original-style=\"font-family: helvetica, arial, sans-serif;\"><span class=\"amp-wp-5443cfc\" data-amp-original-style=\"color: #000000;\">Desde inicios del siglo XVII el valle de Pirque es\u00a0<\/span><span class=\"amp-wp-5443cfc\" data-amp-original-style=\"color: #000000;\">mirado con desd\u00e9n, por no poseer \u201criquezas\u201d que el espa\u00f1ol esperaba encontrar en Am\u00e9rica.<\/span><\/span><\/p>\n<p class=\"amp-wp-7d27179\" data-amp-original-style=\"text-align: justify;\"><span class=\"amp-wp-18d6a0b\" data-amp-original-style=\"font-family: helvetica, arial, sans-serif; color: #000000;\">La b\u00fasqueda inicial de los europeos en estas tierras persever\u00f3 hacia los lavaderos y minas de oro. En especial por la mina de plata\u00a0<strong>San Pedro de Nolasco<\/strong>\u00a0ubicadas al interior del\u00a0<span class=\"amp-wp-a1b1bb7\" data-amp-original-style=\"color: #0000ff;\"><strong><a class=\"amp-wp-a1b1bb7\" href=\"https:\/\/chiletourspirquemaipo.com\/patrimonio-cultural-cajon-del-maipo\/\" target=\"_top\" data-amp-original-style=\"color: #0000ff;\">Caj\u00f3n del Maipo<\/a><\/strong><\/span>.<\/span><\/p>\n<p class=\"amp-wp-7d27179\" data-amp-original-style=\"text-align: justify;\"><span class=\"amp-wp-18d6a0b\" data-amp-original-style=\"font-family: helvetica, arial, sans-serif; color: #000000;\">El valle de Pirque, ubicado al sur de Santiago, no ten\u00eda una permanencia ind\u00edgena de consideraci\u00f3n (hab\u00edan alrededor de 200 nativos) para poder trabajar la zona a trav\u00e9s de las\u00a0<strong>encomiendas de indios<\/strong>, seg\u00fan los intereses de la Corona Espa\u00f1ola. Adem\u00e1s, se requer\u00eda mucha faena y esfuerzo para llegar a convertir en productivas estas tierras.<\/span><\/p>\n<p class=\"amp-wp-7d27179\" data-amp-original-style=\"text-align: justify;\"><span class=\"amp-wp-18d6a0b\" data-amp-original-style=\"font-family: helvetica, arial, sans-serif; color: #000000;\">En aquellos tiempos, el agua no llegaba a este valle situado entre los r\u00edos\u00a0<strong>Maipo<\/strong>\u00a0y\u00a0<span class=\"amp-wp-a1b1bb7\" data-amp-original-style=\"color: #0000ff;\"><a class=\"amp-wp-a1b1bb7\" href=\"https:\/\/chiletourspirquemaipo.com\/index.php\/rio-clarillo\/\" target=\"_top\" data-amp-original-style=\"color: #0000ff;\"><strong>Clarillo<\/strong><\/a><\/span>.<\/span><\/p>\n<h2><span class=\"amp-wp-6c0ffa5\" data-amp-original-style=\"color: #008000; font-family: helvetica, arial, sans-serif;\"><strong><span class=\"amp-wp-def544c\" data-amp-original-style=\"font-size: 14pt; color: #000000;\">Pirque Historia del Siglo XVII<\/span><\/strong><\/span><\/h2>\n<p><img loading=\"lazy\" decoding=\"async\" class=\"alignnone size-medium wp-image-4924\" src=\"https:\/\/www.elregional.cl\/wp-content\/uploads\/2025\/04\/Screenshot_20250422_201515_Gallery-300x169.jpg\" alt=\"\" width=\"300\" height=\"169\" \/><\/p>\n<p class=\"amp-wp-7d27179\" data-amp-original-style=\"text-align: justify;\"><span class=\"amp-wp-18d6a0b\" data-amp-original-style=\"font-family: helvetica, arial, sans-serif; color: #000000;\">Ya entrado el siglo XVII y con la aparici\u00f3n de las\u00a0<em>mercedes de tierras,<\/em>\u00a0comienza el proceso de transferencia de los dominios de este valle y la posesi\u00f3n de la tierra comienza a adquir mayor importancia.<\/span><\/p>\n<p class=\"amp-wp-7d27179\" data-amp-original-style=\"text-align: justify;\"><span class=\"amp-wp-18d6a0b\" data-amp-original-style=\"font-family: helvetica, arial, sans-serif; color: #000000;\"><strong>Pirque<\/strong>\u00a0pasa manos del encomendero y gobernador de Chile,\u00a0<strong>Rodrigo Quiroga<\/strong>.\u00a0 Luego, en el a\u00f1o 1603, Don\u00a0<em>Juan de C\u00f3rdova<\/em>\u00a0seg\u00fan se tiene registro, compra al ind\u00edgena\u00a0<strong>Sebasti\u00e1n Licampill\u00e1n<\/strong>. Este es uno de los \u00faltimos\u00a0<em>caciques picunches<\/em>\u00a0de los cuales se tiene registro en el territorio.<\/span><\/p>\n<p class=\"amp-wp-7d27179\" data-amp-original-style=\"text-align: justify;\"><span class=\"amp-wp-18d6a0b\" data-amp-original-style=\"font-family: helvetica, arial, sans-serif; color: #000000;\">El territorio del cacique, comprend\u00eda el actual\u00a0<strong>Principal de Pirque<\/strong>\u00a0y la\u00a0<span class=\"amp-wp-a1b1bb7\" data-amp-original-style=\"color: #0000ff;\"><strong>Reserva R\u00edo Clarillo.\u00a0<\/strong><span class=\"amp-wp-5443cfc\" data-amp-original-style=\"color: #000000;\">(actualmente\u00a0<strong>Parque Nacional<\/strong>)<\/span><\/span><\/span><\/p>\n<p class=\"amp-wp-7d27179\" data-amp-original-style=\"text-align: justify;\"><span class=\"amp-wp-18d6a0b\" data-amp-original-style=\"font-family: helvetica, arial, sans-serif; color: #000000;\">La transferencia se materializ\u00f3 por\u00a0<em>200 ovejas, 50 cabras, ropa, una yunta de bueyes y un sombrero<\/em>. Este es el \u00faltimo registro de\u00a0<strong>mercedes de tierras<\/strong>\u00a0del inmenso fundo\u00a0<strong>el Principal de Pirque<\/strong>.<\/span><\/p>\n<blockquote>\n<p class=\"amp-wp-7d27179\" data-amp-original-style=\"text-align: justify;\"><span class=\"amp-wp-ddbdff0\" data-amp-original-style=\"font-family: helvetica, arial, sans-serif; font-size: 10pt;\"><em><span class=\"amp-wp-5443cfc\" data-amp-original-style=\"color: #000000;\">\u201cUna vez sometida a regi\u00f3n de Santiago, los espa\u00f1oles se repartieron las tierras y los ind\u00edgenas de r\u00edo Clarillo y Pirque fueron entregados en encomienda a los espa\u00f1oles Rodrigo de Quiroga y Alonso de C\u00f3rdoba.\u00a0<\/span><\/em><span class=\"amp-wp-5443cfc\" data-amp-original-style=\"color: #000000;\">Los ind\u00edgenas de estas encomiendas sumaban aproximadamente unos 300 y parte de ellos estaban bajo el liderazgo de los siguientes caciques:\u00a0<\/span><strong class=\"amp-wp-5443cfc\" data-amp-original-style=\"color: #000000;\">Andetelmo<\/strong><span class=\"amp-wp-5443cfc\" data-amp-original-style=\"color: #000000;\">,\u00a0<\/span><strong class=\"amp-wp-5443cfc\" data-amp-original-style=\"color: #000000;\">Gullanca<\/strong><span class=\"amp-wp-5443cfc\" data-amp-original-style=\"color: #000000;\">,\u00a0<\/span><strong class=\"amp-wp-5443cfc\" data-amp-original-style=\"color: #000000;\">Lien Nagual<\/strong><span class=\"amp-wp-5443cfc\" data-amp-original-style=\"color: #000000;\">\u00a0y\u00a0<\/span><strong class=\"amp-wp-5443cfc\" data-amp-original-style=\"color: #000000;\">Nastua Ronco<\/strong><span class=\"amp-wp-5443cfc\" data-amp-original-style=\"color: #000000;\">. Los nombres nativos de los lugares que hoy conocemos como rio Clarillo y Pirque fueron en tiempos de la conquista espa\u00f1ola, Pirqui, Calbue, Quilligue y Cochocanchi. De estos top\u00f3nimos solo Pirqui- ahora Pirque- ha llegado hasta nuestros tiempos. Su Significado en lengua mapuche es prenda femenina de vestir\u201d (A. Cabeza, 1985: 20).<\/span><\/span><\/p>\n<\/blockquote>\n<p class=\"amp-wp-7d27179\" data-amp-original-style=\"text-align: justify;\"><span class=\"amp-wp-18d6a0b\" data-amp-original-style=\"font-family: helvetica, arial, sans-serif; color: #000000;\">Esta es una de las teor\u00edas sobre el origen del nombre de la comuna de\u00a0<strong>Pirque<\/strong>. Aunque existe otra fuerte teor\u00eda que lo refiere a las existencias de \u201cpircas\u201d en la zona. Por lo que muchos atribuyen a este hecho, la toponimia del lugar.<\/span><\/p>\n<h2><span class=\"amp-wp-a3e39dc\" data-amp-original-style=\"color: #339966; font-family: helvetica, arial, sans-serif;\"><strong><span class=\"amp-wp-def544c\" data-amp-original-style=\"font-size: 14pt; color: #000000;\">Hacienda el Principal<\/span><\/strong><\/span><\/h2>\n<p><img loading=\"lazy\" decoding=\"async\" class=\"alignnone size-medium wp-image-4925\" src=\"https:\/\/www.elregional.cl\/wp-content\/uploads\/2025\/04\/Screenshot_20250422_201626_Gallery-300x171.jpg\" alt=\"\" width=\"300\" height=\"171\" \/><\/p>\n<p class=\"amp-wp-7d27179\" data-amp-original-style=\"text-align: justify;\"><span class=\"amp-wp-5df9b35\" data-amp-original-style=\"font-family: helvetica, arial, sans-serif;\"><span class=\"amp-wp-5443cfc\" data-amp-original-style=\"color: #000000;\">En el a\u00f1o 1619 la estancia del\u00a0<span class=\"amp-wp-a1b1bb7\" data-amp-original-style=\"color: #0000ff;\"><a class=\"amp-wp-a1b1bb7\" href=\"https:\/\/chiletourspirquemaipo.com\/el-principal-pirque-historia\/\" target=\"_top\" data-amp-original-style=\"color: #0000ff;\"><strong>Principal de Pirque<\/strong><\/a><\/span>\u00a0comprend\u00eda unas 750 hect\u00e1reas. En aquellos tiempo la Hacienda era propiedad de\u00a0<strong>Alonso de C\u00f3rdova<\/strong>, y estas tierras son\u00a0<\/span><span class=\"amp-wp-5443cfc\" data-amp-original-style=\"color: #000000;\">muy valoradas por la presencia del\u00a0<span class=\"amp-wp-a1b1bb7\" data-amp-original-style=\"color: #0000ff;\"><a class=\"amp-wp-a1b1bb7\" href=\"https:\/\/chiletourspirquemaipo.com\/rio-clarillo-pirque-salidas-pedagogicas-educacion-ambiental-tour\/\" target=\"_top\" data-amp-original-style=\"color: #0000ff;\"><strong>r\u00edo Clarillo<\/strong><\/a><\/span>\u00a0que permiti\u00f3 la\u00a0<em>agricultura y con mayor extensi\u00f3n la ganader\u00eda<\/em>.<\/span><\/span><\/p>\n<p class=\"amp-wp-7d27179\" data-amp-original-style=\"text-align: justify;\"><span class=\"amp-wp-18d6a0b\" data-amp-original-style=\"font-family: helvetica, arial, sans-serif; color: #000000;\">Este asentamiento pircano cobro importancia por encontrarse cerca del yacimiento de plata, la mina\u00a0<span class=\"amp-wp-a1b1bb7\" data-amp-original-style=\"color: #0000ff;\"><a class=\"amp-wp-a1b1bb7\" href=\"https:\/\/chiletourspirquemaipo.com\/index.php\/tour-cajon-del-maipo\/\" target=\"_top\" data-amp-original-style=\"color: #0000ff;\"><strong>San Pedro de Nolasco en el Caj\u00f3n del Maipo<\/strong><\/a><\/span>.<\/span><\/p>\n<p class=\"amp-wp-7d27179\" data-amp-original-style=\"text-align: justify;\"><span class=\"amp-wp-18d6a0b\" data-amp-original-style=\"font-family: helvetica, arial, sans-serif; color: #000000;\">En el a\u00f1o 1787 la hacienda el Principal es adquirida por\u00a0<strong>Do\u00f1a Javiera Morand\u00e9 viuda de\u00a0<span class=\"amp-wp-a1b1bb7\" data-amp-original-style=\"color: #0000ff;\"><a class=\"amp-wp-a1b1bb7\" href=\"https:\/\/es.wikipedia.org\/wiki\/Francisco_Garc%C3%ADa_Huidobro\" target=\"_top\" data-amp-original-style=\"color: #0000ff;\">Francisco Garc\u00eda Huidobro<\/a><\/span>,<\/strong>\u00a0quienes mantuvieron su propiedad hasta fines del siglo XX.<\/span><\/p>\n<h2><span class=\"amp-wp-9d9d663\" data-amp-original-style=\"color: #000000; font-size: 14pt; font-family: helvetica, arial, sans-serif;\"><strong>Hacienda de Pirque<\/strong><\/span><\/h2>\n<p><img loading=\"lazy\" decoding=\"async\" class=\"alignnone size-medium wp-image-4926\" src=\"https:\/\/www.elregional.cl\/wp-content\/uploads\/2025\/04\/Screenshot_20250422_201144_Gallery-300x168.jpg\" alt=\"\" width=\"300\" height=\"168\" \/><\/p>\n<p class=\"amp-wp-7d27179\" data-amp-original-style=\"text-align: justify;\"><span class=\"amp-wp-18d6a0b\" data-amp-original-style=\"font-family: helvetica, arial, sans-serif; color: #000000;\">El proceso de divisi\u00f3n de tierras comenz\u00f3 a acelerarse con la llegada de los\u00a0<strong>Subercaseaux<\/strong>\u00a0en el a\u00f1o 1830.<\/span><\/p>\n<p class=\"amp-wp-7d27179\" data-amp-original-style=\"text-align: justify;\"><span class=\"amp-wp-18d6a0b\" data-amp-original-style=\"font-family: helvetica, arial, sans-serif; color: #000000;\">La familia adquiri\u00f3 los sectores de San Juan y Santa Rita. A excepci\u00f3n del\u00a0<span class=\"amp-wp-a1b1bb7\" data-amp-original-style=\"color: #0000ff;\"><a class=\"amp-wp-a1b1bb7\" href=\"https:\/\/chiletourspirquemaipo.com\/el-principal-pirque-historia\/\" target=\"_top\" data-amp-original-style=\"color: #0000ff;\"><strong>Principal de Pirque<\/strong><\/a><\/span>, casi toda la comuna paso a formar parte del patrimonio familiar, representado por la trascendental figura de\u00a0<strong>Ram\u00f3n Subercaseaux Mercado<\/strong>\u00a0(1790-1859).<\/span><\/p>\n<p class=\"amp-wp-7d27179\" data-amp-original-style=\"text-align: justify;\"><span class=\"amp-wp-18d6a0b\" data-amp-original-style=\"font-family: helvetica, arial, sans-serif; color: #000000;\"><strong>Ram\u00f3n Subercaseaux Mercado<\/strong>\u00a0fue un importante pol\u00edtico y empresario.<\/span><\/p>\n<p class=\"amp-wp-7d27179\" data-amp-original-style=\"text-align: justify;\"><span class=\"amp-wp-18d6a0b\" data-amp-original-style=\"font-family: helvetica, arial, sans-serif; color: #000000;\">Adquiri\u00f3 la\u00a0<strong>Gran Hacienda de Pirque<\/strong>\u00a0con la fortuna que hab\u00eda realizado con la miner\u00eda del norte de Chile.<\/span><\/p>\n<p class=\"amp-wp-7d27179\" data-amp-original-style=\"text-align: justify;\"><span class=\"amp-wp-18d6a0b\" data-amp-original-style=\"font-family: helvetica, arial, sans-serif; color: #000000;\">Construy\u00f3 el\u00a0<strong>puente San Ram\u00f3n<\/strong>, que une a la comuna con Puente Alto.<\/span><\/p>\n<p class=\"amp-wp-7d27179\" data-amp-original-style=\"text-align: justify;\"><span class=\"amp-wp-18d6a0b\" data-amp-original-style=\"font-family: helvetica, arial, sans-serif; color: #000000;\">Construy\u00f3\u00a0<span class=\"amp-wp-a1b1bb7\" data-amp-original-style=\"color: #0000ff;\"><a class=\"amp-wp-a1b1bb7\" href=\"https:\/\/chiletourspirquemaipo.com\/index.php\/tour-concha-y-toro\/\" target=\"_top\" data-amp-original-style=\"color: #0000ff;\"><strong>el Canal la Sirena<\/strong><\/a><\/span>\u00a0en el a\u00f1o 1834, obra de monumentales proporciones, icono de la ingenier\u00eda hidr\u00e1ulica en conjunto con el\u00a0<strong>Canal San Carlos<\/strong>.<\/span><\/p>\n<p class=\"amp-wp-7d27179\" data-amp-original-style=\"text-align: justify;\"><span class=\"amp-wp-18d6a0b\" data-amp-original-style=\"font-family: helvetica, arial, sans-serif; color: #000000;\">A la muerte de\u00a0<strong>Ram\u00f3n Subercaseaux<\/strong>, en el a\u00f1o 1859, \u00a0las haciendas de\u00a0<em>San Juan y Santa Rita<\/em>\u00a0subdividieron gran parte de sus territorios en los fundos\u00a0<strong>las Majadas<\/strong>,\u00a0<strong>el Llano<\/strong>,\u00a0<strong>El Cruceral<\/strong>\u00a0y la\u00a0<strong>Isla de Pirque<\/strong>. Al fallecer\u00a0<strong>Francisco Garc\u00eda-Huidobro<\/strong>\u00a0propietario de la Hacienda el Principal, en el a\u00f1o 1852, sus hermanos heredaron toda su fortuna y tierras. Una de las hijuelas es adjudicada a\u00a0\u00a0<strong>Vicente Izquierdo Urmeneta<\/strong>, esta hijuela da nacimiento al fundo lo Arcaya (1857).<\/span><\/p>\n<figure class=\"wp-block-embed wp-block-embed-youtube is-type-video is-provider-youtube epyt-figure\">\n<div class=\"wp-block-embed__wrapper\"><strong style=\"font-size: 24px;\">Pirque en la actualidad\u00a0<\/strong><\/div>\n<div><img loading=\"lazy\" decoding=\"async\" class=\"alignnone size-medium wp-image-4927\" src=\"https:\/\/www.elregional.cl\/wp-content\/uploads\/2025\/04\/Screenshot_20250422_201420_Gallery-300x223.jpg\" alt=\"\" width=\"300\" height=\"223\" \/><\/div>\n<\/figure>\n<p><span class=\"amp-wp-18d6a0b\" data-amp-original-style=\"font-family: helvetica, arial, sans-serif; color: #000000;\">La conformaci\u00f3n de parcelas de agrado, la aparici\u00f3n de los vi\u00f1edos, agr\u00edcolas de frutales y hortalizas, que usan la mayor parte del suelo actual, \u00a0es de formaci\u00f3n contempor\u00e1nea.<\/span><\/p>\n<p><span class=\"amp-wp-18d6a0b\" data-amp-original-style=\"font-family: helvetica, arial, sans-serif; color: #000000;\">Los\u00a0<em>ranchos<\/em>\u00a0han sido paulatinamente reemplazados por los\u00a0<em>villorrios<\/em>, a\u00fan podemos ver antiguas\u00a0<strong>casas de inquilinos<\/strong>\u00a0en la Alameda de\u00a0<strong>Santa Rita<\/strong>.<\/span><\/p>\n<p class=\"amp-wp-7d27179\" data-amp-original-style=\"text-align: justify;\"><span class=\"amp-wp-5df9b35\" data-amp-original-style=\"font-family: helvetica, arial, sans-serif;\"><span class=\"amp-wp-5443cfc\" data-amp-original-style=\"color: #000000;\">Los inmuebles coloniales m\u00e1s destacados son la\u00a0<strong>Casa de San Juan<\/strong>,\u00a0<strong>el Castillo Majadas<\/strong>,\u00a0<strong>Casa El Llano.<\/strong>\u00a0Tambi\u00e9n sobresalen\u00a0<\/span><span class=\"amp-wp-5443cfc\" data-amp-original-style=\"color: #000000;\">\u00a0las casas patronales del\u00a0<strong>Cruceral y La Isla<\/strong>. Casonas que muestran la monumentalidad de la \u00e9poca y los diversos estilos arquitect\u00f3nicos. El paisajista franc\u00e9s\u00a0<strong>Gustavo Renner<\/strong>\u00a0a dise\u00f1ado la mayor\u00eda de los parques de las\u00a0<span class=\"amp-wp-a1b1bb7\" data-amp-original-style=\"color: #0000ff;\"><strong><a class=\"amp-wp-a1b1bb7\" href=\"https:\/\/chiletourspirquemaipo.com\/casas-de-campo-chilenas\/\" target=\"_top\" data-amp-original-style=\"color: #0000ff;\">Casas patronales pircanas<\/a><\/strong><\/span>.<\/span><\/span><\/p>\n<p class=\"amp-wp-7d27179\" data-amp-original-style=\"text-align: justify;\"><span class=\"amp-wp-18d6a0b\" data-amp-original-style=\"font-family: helvetica, arial, sans-serif; color: #000000;\">La administraci\u00f3n de la comuna ha pasado desde el departamento del Maipo en 1887, a su anexi\u00f3n a\u00a0<strong>Puente Alto<\/strong>\u00a0del Departamento de Santiago en 1930, para luego restablecer la antigua comuna descentralizada y aut\u00f3noma en 1933. Actualmente forma parte de la\u00a0<span class=\"amp-wp-a1b1bb7\" data-amp-original-style=\"color: #0000ff;\"><a class=\"amp-wp-a1b1bb7\" href=\"http:\/\/www.memoriachilena.gob.cl\/602\/w3-article-93520.html\" target=\"_top\" data-amp-original-style=\"color: #0000ff;\"><strong>Provincia Cordillera<\/strong><\/a><\/span>.<\/span><\/p>\n<p><img loading=\"lazy\" decoding=\"async\" class=\"alignnone size-medium wp-image-4928\" src=\"https:\/\/www.elregional.cl\/wp-content\/uploads\/2025\/04\/Screenshot_20250422_201040_Gallery-300x205.jpg\" alt=\"\" width=\"300\" height=\"205\" \/><\/p>\n<\/div>\n<\/article>\n","protected":false},"excerpt":{"rendered":"<p>\u00a1Otro avance importante para el TURISMO PIRCANO! Por: Andr\u00e9s Sandoval Z. &nbsp; Hoy Pirque marca un nuevo hito en la implementaci\u00f3n de un plan de acci\u00f3n que hace a esta pujante comuna avanzar un paso m\u00e1s en el camino de declaratoria de Zona de Inter\u00e9s Tur\u00edstico . Gracias al compromiso del Alcalde Jaime Escudero Ramos &hellip;<\/p>\n","protected":false},"author":2,"featured_media":0,"comment_status":"closed","ping_status":"closed","sticky":false,"template":"","format":"standard","meta":{"footnotes":""},"categories":[3],"tags":[],"class_list":["post-4912","post","type-post","status-publish","format-standard","hentry","category-pais"],"_links":{"self":[{"href":"https:\/\/www.elregional.cl\/index.php?rest_route=\/wp\/v2\/posts\/4912","targetHints":{"allow":["GET"]}}],"collection":[{"href":"https:\/\/www.elregional.cl\/index.php?rest_route=\/wp\/v2\/posts"}],"about":[{"href":"https:\/\/www.elregional.cl\/index.php?rest_route=\/wp\/v2\/types\/post"}],"author":[{"embeddable":true,"href":"https:\/\/www.elregional.cl\/index.php?rest_route=\/wp\/v2\/users\/2"}],"replies":[{"embeddable":true,"href":"https:\/\/www.elregional.cl\/index.php?rest_route=%2Fwp%2Fv2%2Fcomments&post=4912"}],"version-history":[{"count":5,"href":"https:\/\/www.elregional.cl\/index.php?rest_route=\/wp\/v2\/posts\/4912\/revisions"}],"predecessor-version":[{"id":4930,"href":"https:\/\/www.elregional.cl\/index.php?rest_route=\/wp\/v2\/posts\/4912\/revisions\/4930"}],"wp:attachment":[{"href":"https:\/\/www.elregional.cl\/index.php?rest_route=%2Fwp%2Fv2%2Fmedia&parent=4912"}],"wp:term":[{"taxonomy":"category","embeddable":true,"href":"https:\/\/www.elregional.cl\/index.php?rest_route=%2Fwp%2Fv2%2Fcategories&post=4912"},{"taxonomy":"post_tag","embeddable":true,"href":"https:\/\/www.elregional.cl\/index.php?rest_route=%2Fwp%2Fv2%2Ftags&post=4912"}],"curies":[{"name":"wp","href":"https:\/\/api.w.org\/{rel}","templated":true}]}}