{"id":4941,"date":"2025-04-23T01:07:28","date_gmt":"2025-04-23T01:07:28","guid":{"rendered":"https:\/\/www.elregional.cl\/?p=4941"},"modified":"2025-04-23T01:07:28","modified_gmt":"2025-04-23T01:07:28","slug":"ranking-top-ten-atp-mundial","status":"publish","type":"post","link":"https:\/\/www.elregional.cl\/?p=4941","title":{"rendered":"Ranking top ten ATP Mundial"},"content":{"rendered":"<p class=\"\">El\u00a0<b>God\u00f3\u00a0<\/b>tambi\u00e9n se jug\u00f3 en\u00a0<b>M\u00fanich<\/b>. En dos finales distintas, este domingo,\u00a0<b>Alexander Zverev\u00a0<\/b>y<b>\u00a0Carlos Alcaraz<\/b>\u00a0se enfrentaron en su duelo particular por el n\u00famero dos del ranking. El alem\u00e1n lo perdi\u00f3 en el\u00a0<b>Masters 1.000 de Montecarlo<\/b>, en el que no pudo pasar de su debut, y el espa\u00f1ol, que levant\u00f3 el t\u00edtulo en M\u00f3naco, se lo devolvi\u00f3 en Barcelona, despu\u00e9s de\u00a0<a href=\"https:\/\/as.com\/tenis\/mas_tenis\/rune-agua-la-fiesta-a-alcaraz-n\/\" target=\"_blank\" rel=\"noopener\">caer en la final contra el dan\u00e9s\u00a0<b>Holger Rune<\/b><\/a>.\u00a0<i>Sascha<\/i>,\u00a0<a href=\"https:\/\/as.com\/tenis\/mas_tenis\/zverev-supera-a-shelton-y-gana-en-munich-siete-anos-despues-n\/\" target=\"_blank\" rel=\"noopener\">que se impuso a<b>\u00a0Ben Shelton\u00a0<\/b>en la final de Alemania<\/a>, complet\u00f3 su trabajo antes y le pas\u00f3 la presi\u00f3n a\u00a0<i>Charly<\/i>, que necesitaba levantar su tercer t\u00edtulo en la ciudad condal par mantenerse tras el actual l\u00edder del ranking,\u00a0<b>Jannik Sinner<\/b>. No pudo ser. Zverev (8.085),\u00a0<b>por 35 puntos<\/b>, aparecer\u00e1 por delante de Alcaraz (8.050) en la clasificaci\u00f3n ATP de este lunes.<\/p>\n<div class=\"ad \" data-adtype=\"MPU\" data-dynamic-id=\"features.article\/body.1\">\n<div class=\"ad__cnt\"><\/div>\n<\/div>\n<p class=\"\">La diferencia, que es m\u00ednima, permite pensar en\u00a0<b>m\u00e1s permutas entre el espa\u00f1ol y el alem\u00e1n\u00a0<\/b>a corto plazo. Sobre todo, si se tienen en cuenta los dos pr\u00f3ximos torneos que figuran en la gira europea de tierra batida, el\u00a0<b>Masters 1.000 de Madrid\u00a0<\/b>y el de\u00a0<b>Roma<\/b>, en el que Sinner volver\u00e1 de su suspensi\u00f3n por dopaje. Hasta Roland Garros, Alcaraz s\u00f3lo defiende 200 puntos (cuartos de final en Madrid); Zverev, por su parte, deber\u00e1 proteger un bot\u00edn de 1.100 cr\u00e9ditos (octavos de Madrid y t\u00edtulo en Roma). En conjunto, una nueva oportunidad para que\u00a0<b>Carlitos pueda recuperar el segundo escal\u00f3n<\/b>\u00a0del ranking, siempre que el cuerpo se lo permita (en Barcelona, termin\u00f3 con problemas en el psoas de su pierna derecha).<\/p>\n<table>\n<thead>\n<tr>\n<th><b>Ranking ATP<\/b><\/th>\n<th><b>Jugador<\/b><\/th>\n<th><b>Puntos<\/b><\/th>\n<\/tr>\n<\/thead>\n<tbody>\n<tr>\n<td><b>1\u00ba<\/b><\/td>\n<td>Jannik Sinner (Ita)<\/td>\n<td>9.930<\/td>\n<\/tr>\n<tr>\n<td><b>2\u00ba<\/b><\/td>\n<td>Alexander Zverev (Ale)<\/td>\n<td>8.085<\/td>\n<\/tr>\n<tr>\n<td><b>3\u00ba<\/b><\/td>\n<td><b>Carlos Alcaraz<\/b><\/td>\n<td><b>8.050<\/b><\/td>\n<\/tr>\n<tr>\n<td><b>4\u00ba<\/b><\/td>\n<td>Taylor Fritz (EEUU)<\/td>\n<td>5.115<\/td>\n<\/tr>\n<tr>\n<td><b>5\u00ba<\/b><\/td>\n<td>Novak Djokovic (Ser)<\/td>\n<td>4.120<\/td>\n<\/tr>\n<tr>\n<td><b>6\u00ba<\/b><\/td>\n<td>Jack Draper (GBr)<\/td>\n<td>3.820<\/td>\n<\/tr>\n<tr>\n<td><b>7\u00ba<\/b><\/td>\n<td>Alex de Mi\u00f1aur (Aus)<\/td>\n<td>3.585<\/td>\n<\/tr>\n<tr>\n<td><b>8\u00ba<\/b><\/td>\n<td>Andrey Rublev (Rus)<\/td>\n<td>3.530<\/td>\n<\/tr>\n<tr>\n<td><b>9\u00ba<\/b><\/td>\n<td>Holger Rune (Din)<\/td>\n<td>3.480<\/td>\n<\/tr>\n<tr>\n<td><b>10\u00ba<\/b><\/td>\n<td>Daniil Medvedev (Rus)<\/td>\n<td>3.290<\/td>\n<\/tr>\n<tr>\n<td><b>29\u00ba<\/b><\/td>\n<td><b>Alejandro Davidovich<\/b><\/td>\n<td><b>1.745<\/b><\/td>\n<\/tr>\n<tr>\n<td><b>48\u00ba<\/b><\/td>\n<td><b>Pedro Mart\u00ednez<\/b><\/td>\n<td><b>1.130<\/b><\/td>\n<\/tr>\n<tr>\n<td><b>53\u00ba<\/b><\/td>\n<td><b>Jaume Munar<\/b><\/td>\n<td><b>1.002<\/b><\/td>\n<\/tr>\n<tr>\n<td><b>55\u00ba<\/b><\/td>\n<td><b>Roberto Bautista<\/b><\/td>\n<td><b>979<\/b><\/td>\n<\/tr>\n<tr>\n<td><b>56\u00ba<\/b><\/td>\n<td><b>Roberto Carball\u00e9s<\/b><\/td>\n<td><b>976<\/b><\/td>\n<\/tr>\n<tr>\n<td><b>96\u00ba<\/b><\/td>\n<td><b>Pablo Carre\u00f1o<\/b><\/td>\n<td><b>607<\/b><\/td>\n<\/tr>\n<\/tbody>\n<\/table>\n","protected":false},"excerpt":{"rendered":"<p>El\u00a0God\u00f3\u00a0tambi\u00e9n se jug\u00f3 en\u00a0M\u00fanich. En dos finales distintas, este domingo,\u00a0Alexander Zverev\u00a0y\u00a0Carlos Alcaraz\u00a0se enfrentaron en su duelo particular por el n\u00famero dos del ranking. El alem\u00e1n lo perdi\u00f3 en el\u00a0Masters 1.000 de Montecarlo, en el que no pudo pasar de su debut, y el espa\u00f1ol, que levant\u00f3 el t\u00edtulo en M\u00f3naco, se lo devolvi\u00f3 en Barcelona, &hellip;<\/p>\n","protected":false},"author":2,"featured_media":0,"comment_status":"closed","ping_status":"closed","sticky":false,"template":"","format":"standard","meta":{"footnotes":""},"categories":[5],"tags":[],"class_list":["post-4941","post","type-post","status-publish","format-standard","hentry","category-deportes"],"_links":{"self":[{"href":"https:\/\/www.elregional.cl\/index.php?rest_route=\/wp\/v2\/posts\/4941","targetHints":{"allow":["GET"]}}],"collection":[{"href":"https:\/\/www.elregional.cl\/index.php?rest_route=\/wp\/v2\/posts"}],"about":[{"href":"https:\/\/www.elregional.cl\/index.php?rest_route=\/wp\/v2\/types\/post"}],"author":[{"embeddable":true,"href":"https:\/\/www.elregional.cl\/index.php?rest_route=\/wp\/v2\/users\/2"}],"replies":[{"embeddable":true,"href":"https:\/\/www.elregional.cl\/index.php?rest_route=%2Fwp%2Fv2%2Fcomments&post=4941"}],"version-history":[{"count":1,"href":"https:\/\/www.elregional.cl\/index.php?rest_route=\/wp\/v2\/posts\/4941\/revisions"}],"predecessor-version":[{"id":4943,"href":"https:\/\/www.elregional.cl\/index.php?rest_route=\/wp\/v2\/posts\/4941\/revisions\/4943"}],"wp:attachment":[{"href":"https:\/\/www.elregional.cl\/index.php?rest_route=%2Fwp%2Fv2%2Fmedia&parent=4941"}],"wp:term":[{"taxonomy":"category","embeddable":true,"href":"https:\/\/www.elregional.cl\/index.php?rest_route=%2Fwp%2Fv2%2Fcategories&post=4941"},{"taxonomy":"post_tag","embeddable":true,"href":"https:\/\/www.elregional.cl\/index.php?rest_route=%2Fwp%2Fv2%2Ftags&post=4941"}],"curies":[{"name":"wp","href":"https:\/\/api.w.org\/{rel}","templated":true}]}}