{"id":5082,"date":"2025-04-25T20:49:36","date_gmt":"2025-04-25T20:49:36","guid":{"rendered":"https:\/\/www.elregional.cl\/?p=5082"},"modified":"2025-04-25T20:49:36","modified_gmt":"2025-04-25T20:49:36","slug":"carabineros-de-coquimbo-detuvieron-a-sujeto-que-amenazo-a-su-madre-con-una-hacha","status":"publish","type":"post","link":"https:\/\/www.elregional.cl\/?p=5082","title":{"rendered":"Carabineros de Coquimbo detuvieron a sujeto que amenaz\u00f3 a su Madre con una Hacha"},"content":{"rendered":"<p>Un hombre que amenaz\u00f3 a su madre con un hacha durante esta jornada fue detenido por personal de\u00a0 Carabineros de la Tenencia Coquimbo Oriente en la comuna puerto,\u00a0 quienes en un actuar r\u00e1pido y profesional lograron resguardar y contener a la v\u00edctima.<\/p>\n<p>El imputado es un sujeto de 35 a\u00f1os, con cinco causas penales, el cual fue puesto a disposici\u00f3n de la Fiscal\u00eda Local.<\/p>\n","protected":false},"excerpt":{"rendered":"<p>Un hombre que amenaz\u00f3 a su madre con un hacha durante esta jornada fue detenido por personal de\u00a0 Carabineros de la Tenencia Coquimbo Oriente en la comuna puerto,\u00a0 quienes en un actuar r\u00e1pido y profesional lograron resguardar y contener a la v\u00edctima. El imputado es un sujeto de 35 a\u00f1os, con cinco causas penales, el &hellip;<\/p>\n","protected":false},"author":2,"featured_media":0,"comment_status":"closed","ping_status":"closed","sticky":false,"template":"","format":"standard","meta":{"footnotes":""},"categories":[2],"tags":[],"class_list":["post-5082","post","type-post","status-publish","format-standard","hentry","category-regionales"],"_links":{"self":[{"href":"https:\/\/www.elregional.cl\/index.php?rest_route=\/wp\/v2\/posts\/5082","targetHints":{"allow":["GET"]}}],"collection":[{"href":"https:\/\/www.elregional.cl\/index.php?rest_route=\/wp\/v2\/posts"}],"about":[{"href":"https:\/\/www.elregional.cl\/index.php?rest_route=\/wp\/v2\/types\/post"}],"author":[{"embeddable":true,"href":"https:\/\/www.elregional.cl\/index.php?rest_route=\/wp\/v2\/users\/2"}],"replies":[{"embeddable":true,"href":"https:\/\/www.elregional.cl\/index.php?rest_route=%2Fwp%2Fv2%2Fcomments&post=5082"}],"version-history":[{"count":1,"href":"https:\/\/www.elregional.cl\/index.php?rest_route=\/wp\/v2\/posts\/5082\/revisions"}],"predecessor-version":[{"id":5084,"href":"https:\/\/www.elregional.cl\/index.php?rest_route=\/wp\/v2\/posts\/5082\/revisions\/5084"}],"wp:attachment":[{"href":"https:\/\/www.elregional.cl\/index.php?rest_route=%2Fwp%2Fv2%2Fmedia&parent=5082"}],"wp:term":[{"taxonomy":"category","embeddable":true,"href":"https:\/\/www.elregional.cl\/index.php?rest_route=%2Fwp%2Fv2%2Fcategories&post=5082"},{"taxonomy":"post_tag","embeddable":true,"href":"https:\/\/www.elregional.cl\/index.php?rest_route=%2Fwp%2Fv2%2Ftags&post=5082"}],"curies":[{"name":"wp","href":"https:\/\/api.w.org\/{rel}","templated":true}]}}