{"id":5107,"date":"2025-04-27T08:41:12","date_gmt":"2025-04-27T08:41:12","guid":{"rendered":"https:\/\/www.elregional.cl\/?p=5107"},"modified":"2025-04-27T08:56:38","modified_gmt":"2025-04-27T08:56:38","slug":"alerta-de-marejadas-armada-llama-a-extremar-precauciones","status":"publish","type":"post","link":"https:\/\/www.elregional.cl\/?p=5107","title":{"rendered":"Alerta de marejadas en costas de Chile: Armada llama a extremar precauciones"},"content":{"rendered":"<div class=\"td-post-header\">\n<header class=\"td-post-title\">\n<div class=\"td-module-meta-info\"><\/div>\n<\/header>\n<\/div>\n<div class=\"td-post-content\">\n<div class=\"td-post-sharing td-post-sharing-top\">\n<div class=\"td-default-sharing\"><i class=\"td-icon-facebook\"><\/i>\u00a0<i class=\"td-icon-twitter\"><\/i>\u00a0<i class=\"td-icon-googleplus\"><\/i>\u00a0<i class=\"td-icon-pinterest\"><\/i>\u00a0<i class=\"td-icon-whatsapp\"><\/i><\/div>\n<\/div>\n<p class=\"ds-markdown-paragraph\"><strong><em>La Direcci\u00f3n General del Territorio Mar\u00edtimo y de Marina Mercante (DIRECTEMAR) emiti\u00f3 un aviso de marejadas que afectar\u00e1 desde el Golfo de Penas hasta Arica, incluyendo el Archipi\u00e9lago Juan Fern\u00e1ndez, debido al paso de un sistema frontal en el sur del pa\u00eds.<\/em><\/strong><\/p>\n<h6><strong>Detalles del fen\u00f3meno<\/strong><\/h6>\n<ul>\n<li>\n<p class=\"ds-markdown-paragraph\"><strong>Origen del oleaje<\/strong>: Proviene del\u00a0<strong>suroeste<\/strong>, generado por el sistema frontal que afecta la zona sur.<\/p>\n<\/li>\n<li>\n<p class=\"ds-markdown-paragraph\"><strong>Inicio de las marejadas<\/strong>:<\/p>\n<ul>\n<li>\n<p class=\"ds-markdown-paragraph\"><strong>Archipi\u00e9lago Juan Fern\u00e1ndez<\/strong>: Domingo 27 de abril (tarde).<\/p>\n<\/li>\n<li>\n<p class=\"ds-markdown-paragraph\"><strong>Golfo de Penas hasta Golfo de Arauco<\/strong>: Domingo 27 de abril (tarde).<\/p>\n<\/li>\n<li>\n<p class=\"ds-markdown-paragraph\"><strong>Golfo de Arauco hasta Coquimbo<\/strong>: Lunes 28 de abril (ma\u00f1ana).<\/p>\n<\/li>\n<li>\n<p class=\"ds-markdown-paragraph\"><strong>Coquimbo hasta Arica<\/strong>: Lunes 28 de abril (tarde).<\/p>\n<\/li>\n<\/ul>\n<\/li>\n<li>\n<p class=\"ds-markdown-paragraph\"><strong>T\u00e9rmino del evento<\/strong>:<\/p>\n<ul>\n<li>\n<p class=\"ds-markdown-paragraph\"><strong>Juan Fern\u00e1ndez<\/strong>: Lunes 28 de abril.<\/p>\n<\/li>\n<li>\n<p class=\"ds-markdown-paragraph\"><strong>Golfo de Penas hasta Golfo de Arauco<\/strong>: Lunes 28 de abril.<\/p>\n<\/li>\n<li>\n<p class=\"ds-markdown-paragraph\"><strong>Golfo de Arauco hasta Arica<\/strong>: Martes 29 de abril.<\/p>\n<\/li>\n<\/ul>\n<\/li>\n<\/ul>\n<h6><strong>Horarios de mayor intensidad<\/strong><\/h6>\n<p class=\"ds-markdown-paragraph\">Las marejadas ser\u00e1n m\u00e1s fuertes durante las\u00a0<strong>pleamares (altas mareas)<\/strong>\u00a0en los siguientes horarios:<\/p>\n<ul>\n<li>\n<p class=\"ds-markdown-paragraph\"><strong>Golfo de Penas hasta Golfo de Arauco<\/strong>: 09:00 a 11:00 hrs. y 21:00 a 23:00 hrs.<\/p>\n<\/li>\n<li>\n<p class=\"ds-markdown-paragraph\"><strong>Golfo de Arauco hasta Arica<\/strong>: 10:00 a 12:00 hrs. y 22:00 a 00:00 hrs.<\/p>\n<\/li>\n<li>\n<p class=\"ds-markdown-paragraph\"><strong>Archipi\u00e9lago Juan Fern\u00e1ndez<\/strong>: 10:00 a 11:00 hrs. y 22:00 a 23:00 hrs.<\/p>\n<\/li>\n<\/ul>\n<h6><strong>Recomendaciones de seguridad<\/strong><\/h6>\n<p class=\"ds-markdown-paragraph\">La\u00a0<strong>Autoridad Mar\u00edtima<\/strong>\u00a0hace un llamado a la poblaci\u00f3n a:<br \/>\n<img decoding=\"async\" class=\"emoji\" role=\"img\" draggable=\"false\" src=\"https:\/\/s.w.org\/images\/core\/emoji\/14.0.0\/svg\/2705.svg\" alt=\"\u2705\" \/>\u00a0<strong>Evitar el tr\u00e1nsito por zonas rocosas<\/strong>\u00a0cercanas al mar.<br \/>\n<img decoding=\"async\" class=\"emoji\" role=\"img\" draggable=\"false\" src=\"https:\/\/s.w.org\/images\/core\/emoji\/14.0.0\/svg\/2705.svg\" alt=\"\u2705\" \/>\u00a0<strong>No ingresar al agua<\/strong>\u00a0durante el evento.<br \/>\n<img decoding=\"async\" class=\"emoji\" role=\"img\" draggable=\"false\" src=\"https:\/\/s.w.org\/images\/core\/emoji\/14.0.0\/svg\/2705.svg\" alt=\"\u2705\" \/>\u00a0<strong>Suspender actividades n\u00e1uticas y deportivas<\/strong>\u00a0sin autorizaci\u00f3n.<br \/>\n<img decoding=\"async\" class=\"emoji\" role=\"img\" draggable=\"false\" src=\"https:\/\/s.w.org\/images\/core\/emoji\/14.0.0\/svg\/2705.svg\" alt=\"\u2705\" \/>\u00a0<strong>Mantener precauci\u00f3n en caletas y muelles<\/strong>, especialmente pescadores y embarcaciones menores.<\/p>\n<h6><strong>Por lo tanto , s<\/strong>e recomienda a la ciudadan\u00eda\u00a0<strong>estar atenta a los comunicados oficiales<\/strong>\u00a0y seguir las indicaciones de\u00a0<strong>ONEMI, Armada de Chile y DIRECTEMAR<\/strong>\u00a0para evitar accidentes.<\/h6>\n<\/div>\n","protected":false},"excerpt":{"rendered":"<p>\u00a0\u00a0\u00a0\u00a0 La Direcci\u00f3n General del Territorio Mar\u00edtimo y de Marina Mercante (DIRECTEMAR) emiti\u00f3 un aviso de marejadas que afectar\u00e1 desde el Golfo de Penas hasta Arica, incluyendo el Archipi\u00e9lago Juan Fern\u00e1ndez, debido al paso de un sistema frontal en el sur del pa\u00eds. Detalles del fen\u00f3meno Origen del oleaje: Proviene del\u00a0suroeste, generado por el sistema &hellip;<\/p>\n","protected":false},"author":2,"featured_media":0,"comment_status":"closed","ping_status":"closed","sticky":false,"template":"","format":"standard","meta":{"footnotes":""},"categories":[2],"tags":[],"class_list":["post-5107","post","type-post","status-publish","format-standard","hentry","category-regionales"],"_links":{"self":[{"href":"https:\/\/www.elregional.cl\/index.php?rest_route=\/wp\/v2\/posts\/5107","targetHints":{"allow":["GET"]}}],"collection":[{"href":"https:\/\/www.elregional.cl\/index.php?rest_route=\/wp\/v2\/posts"}],"about":[{"href":"https:\/\/www.elregional.cl\/index.php?rest_route=\/wp\/v2\/types\/post"}],"author":[{"embeddable":true,"href":"https:\/\/www.elregional.cl\/index.php?rest_route=\/wp\/v2\/users\/2"}],"replies":[{"embeddable":true,"href":"https:\/\/www.elregional.cl\/index.php?rest_route=%2Fwp%2Fv2%2Fcomments&post=5107"}],"version-history":[{"count":3,"href":"https:\/\/www.elregional.cl\/index.php?rest_route=\/wp\/v2\/posts\/5107\/revisions"}],"predecessor-version":[{"id":5113,"href":"https:\/\/www.elregional.cl\/index.php?rest_route=\/wp\/v2\/posts\/5107\/revisions\/5113"}],"wp:attachment":[{"href":"https:\/\/www.elregional.cl\/index.php?rest_route=%2Fwp%2Fv2%2Fmedia&parent=5107"}],"wp:term":[{"taxonomy":"category","embeddable":true,"href":"https:\/\/www.elregional.cl\/index.php?rest_route=%2Fwp%2Fv2%2Fcategories&post=5107"},{"taxonomy":"post_tag","embeddable":true,"href":"https:\/\/www.elregional.cl\/index.php?rest_route=%2Fwp%2Fv2%2Ftags&post=5107"}],"curies":[{"name":"wp","href":"https:\/\/api.w.org\/{rel}","templated":true}]}}