{"id":5214,"date":"2025-04-29T14:55:58","date_gmt":"2025-04-29T14:55:58","guid":{"rendered":"https:\/\/www.elregional.cl\/?p=5214"},"modified":"2025-04-29T14:55:58","modified_gmt":"2025-04-29T14:55:58","slug":"sol-y-playa-sin-visitantes-el-turismo-en-cuba-pilar-vital-de-su-economia-atraviesa-una-de-sus-peores-crisis","status":"publish","type":"post","link":"https:\/\/www.elregional.cl\/?p=5214","title":{"rendered":"Sol y playa sin visitantes: El turismo en Cuba, pilar vital de su econom\u00eda, atraviesa una de sus peores crisis"},"content":{"rendered":"<div id=\"div_comp\">\n<header id=\"header-fixed-top\" class=\"header mm-fixed-top\">\n<div id=\"div_emol\">\n<div id=\"menu_iphone_left\">Emol.cl<\/div>\n<div><\/div>\n<\/div>\n<\/header>\n<\/div>\n<div class=\"div_comp5\">\n<div class=\"cont_panoramas_mob\">\n<div id=\"div_detalle_iphone\">\n<div class=\"cont_detalle_emol_movil \">\n<div class=\"div_h2\">\n<h5 id=\"ucDetalle_BajadaNoticia\">El otrora motor econ\u00f3mico de la isla experimenta un momento cr\u00edtico, con una ocupaci\u00f3n hotelera estancada, cifras en ca\u00edda y una inversi\u00f3n estatal sin retorno.<\/h5>\n<\/div>\n<div class=\"contenedor-columnas\" data-vista=\"relato\">\n<div class=\"box-central\">\n<div class=\"mrcdr_cont_relato\"><\/div>\n<\/div>\n<\/div>\n<div id=\"ucDetalle_CuerpoNoticia\" class=\"cuerpo_noticia cuerpo_noti_height_full\">\n<div id=\"emolmlt-notafotos\">\n<div class=\"emolmlt-bajada\"><b>El fin de la temporada alta en Cuba ha confirmado que el turismo sigue sin levantar cabeza<\/b>\u00a0en una isla que durante d\u00e9cadas tuvo a\u00a0<b>este sector como motor de la econom\u00eda<\/b>\u00a0y fuente fundamental de divisas.<\/p>\n<p><b>Expertos, hoteleros y turoperadores analizar\u00e1n los retos y oportunidades de esta industria<\/b>\u00a0durante la\u00a0<b>Feria Internacional de Turismo (FITCuba)<\/b>, que se celebra en La Habana entre el 30 de abril y el 3 de mayo. A continuaci\u00f3n, algunas claves para entender la crisis del sector:<\/div>\n<h4>\u00bfCu\u00e1ndo se origin\u00f3 la crisis del turismo?<\/h4>\n<ul>\n<li style=\"list-style-type: none;\">\n<ul>\n<li><b>Cuba no se ha recuperado del golpe de la pandemia<\/b>, aunque el descenso de turistas ven\u00eda de antes.<\/li>\n<li>Tras el r\u00e9cord de 2017, con\u00a0<b>4,7 millones de visitantes<\/b>, siguieron\u00a0<b>dos a\u00f1os a la baja: 4,2 y 4,6 millones de 2018 y 2019<\/b>.<\/li>\n<\/ul>\n<\/li>\n<\/ul>\n<div><img decoding=\"async\" src=\"https:\/\/static.emol.cl\/emol50\/Fotos\/2025\/04\/28\/file_20250428170430.jpg\" \/>Gran afluencia de turistas en La Habana, Cuba. | Wikimedia<\/div>\n<ul>\n<li style=\"list-style-type: none;\">\n<ul>\n<li>En 2020, con las\u00a0<b>restricciones de la Covid-19<\/b>, el pa\u00eds recibi\u00f3\u00a0<b>poco m\u00e1s de un mill\u00f3n de turistas<\/b>; en\u00a0<b>2021<\/b>, apenas\u00a0<b>medio mill\u00f3n<\/b>.<\/li>\n<li>A partir de entonces\u00a0<b>remontaron ligeramente, con 1,6 millones en 2022 y 2,4 millones en 2023<\/b>.<\/li>\n<li>Pero\u00a0<b>2024 supuso un nuevo tropiezo con 2,2 millones de visitantes y este a\u00f1o arranc\u00f3 a\u00fan por debajo, con un descenso interanual del 30%<\/b>, seg\u00fan la Oficina Nacional de Estad\u00edstica e Informaci\u00f3n (ONEI).<\/li>\n<li>El primer ministro, Manuel Marrero, se\u00f1al\u00f3 recientemente que\u00a0<b>el sector se encuentra en un \u00abescenario muy complejo\u00bb<\/b>, pero subray\u00f3 que\u00a0<b>el Gobierno sigue apostando por el turismo como motor econ\u00f3mico y fuente vital de divisas<\/b>.<\/li>\n<\/ul>\n<\/li>\n<\/ul>\n<h4>\u00bfQu\u00e9 factores influyen?<\/h4>\n<ul>\n<li style=\"list-style-type: none;\">\n<ul>\n<li>El Ejecutivo se\u00f1ala las\u00a0<b>sanciones de EE.UU. como el principal obst\u00e1culo<\/b>.<\/li>\n<li>No obstante, expertos independientes apuntan a otras causas que abonan la crisis:\u00a0<b>Precios poco competitivos respecto a otros destinos del Caribe, como Canc\u00fan (M\u00e9xico) y Rep\u00fablica Dominicana, m\u00faltiples tasas de cambio y falta de infraestructuras fuera de los resorts<\/b>.<\/li>\n<\/ul>\n<\/li>\n<\/ul>\n<div><img decoding=\"async\" src=\"https:\/\/static.emol.cl\/emol50\/Fotos\/2025\/04\/28\/file_20250428170853.jpg\" \/>Playa vac\u00eda en La Habana. | Ministerio de Turismo de Cuba<\/div>\n<ul>\n<li style=\"list-style-type: none;\">\n<ul>\n<li>Tambi\u00e9n\u00a0<b>la grave crisis econ\u00f3mica que sufre la isla ha lastrado la oferta en los grandes hoteles<\/b>,\u00a0<b>dificulta el transporte por la falta de combustible<\/b>\u00a0y\u00a0<b>afecta a las casas de alquiler por los prolongados apagones diarios<\/b>.<\/li>\n<li>En enero, el ministro del ramo, Juan Carlos Garc\u00eda Granda, agreg\u00f3 a EFE otros factores como\u00a0<b>\u00abel crecimiento del precio del combustible\u00bb y la cancelaci\u00f3n de vuelos de las principales aerol\u00edneas que operan con Cuba<\/b>.<\/li>\n<\/ul>\n<\/li>\n<\/ul>\n<h4>\u00bfCu\u00e1l ha sido la respuesta del Gobierno?<\/h4>\n<ul>\n<li>El\u00a0<b>ef\u00edmero acercamiento entre Cuba y Estados Unidos<\/b>\u00a0durante la \u00faltima etapa de Barack Obama (2014-2017)\u00a0<b>dio pie a un plan estatal de construcci\u00f3n de grandes hoteles<\/b>.<\/li>\n<li>Su propiedad siempre es del conglomerado empresarial controlado por el ej\u00e9rcito, Gaesa, pero los gestionan multinacionales como las espa\u00f1olas Meli\u00e1 e Iberostar o la canadiense Blue Diamond, entre otras.<\/li>\n<\/ul>\n<\/div>\n<\/div>\n<\/div>\n<\/div>\n<\/div>\n<\/div>\n","protected":false},"excerpt":{"rendered":"<p>Emol.cl El otrora motor econ\u00f3mico de la isla experimenta un momento cr\u00edtico, con una ocupaci\u00f3n hotelera estancada, cifras en ca\u00edda y una inversi\u00f3n estatal sin retorno. El fin de la temporada alta en Cuba ha confirmado que el turismo sigue sin levantar cabeza\u00a0en una isla que durante d\u00e9cadas tuvo a\u00a0este sector como motor de la &hellip;<\/p>\n","protected":false},"author":2,"featured_media":0,"comment_status":"closed","ping_status":"closed","sticky":false,"template":"","format":"standard","meta":{"footnotes":""},"categories":[4],"tags":[],"class_list":["post-5214","post","type-post","status-publish","format-standard","hentry","category-mundo"],"_links":{"self":[{"href":"https:\/\/www.elregional.cl\/index.php?rest_route=\/wp\/v2\/posts\/5214","targetHints":{"allow":["GET"]}}],"collection":[{"href":"https:\/\/www.elregional.cl\/index.php?rest_route=\/wp\/v2\/posts"}],"about":[{"href":"https:\/\/www.elregional.cl\/index.php?rest_route=\/wp\/v2\/types\/post"}],"author":[{"embeddable":true,"href":"https:\/\/www.elregional.cl\/index.php?rest_route=\/wp\/v2\/users\/2"}],"replies":[{"embeddable":true,"href":"https:\/\/www.elregional.cl\/index.php?rest_route=%2Fwp%2Fv2%2Fcomments&post=5214"}],"version-history":[{"count":1,"href":"https:\/\/www.elregional.cl\/index.php?rest_route=\/wp\/v2\/posts\/5214\/revisions"}],"predecessor-version":[{"id":5216,"href":"https:\/\/www.elregional.cl\/index.php?rest_route=\/wp\/v2\/posts\/5214\/revisions\/5216"}],"wp:attachment":[{"href":"https:\/\/www.elregional.cl\/index.php?rest_route=%2Fwp%2Fv2%2Fmedia&parent=5214"}],"wp:term":[{"taxonomy":"category","embeddable":true,"href":"https:\/\/www.elregional.cl\/index.php?rest_route=%2Fwp%2Fv2%2Fcategories&post=5214"},{"taxonomy":"post_tag","embeddable":true,"href":"https:\/\/www.elregional.cl\/index.php?rest_route=%2Fwp%2Fv2%2Ftags&post=5214"}],"curies":[{"name":"wp","href":"https:\/\/api.w.org\/{rel}","templated":true}]}}