{"id":5429,"date":"2025-05-02T18:38:57","date_gmt":"2025-05-02T18:38:57","guid":{"rendered":"https:\/\/www.elregional.cl\/?p=5429"},"modified":"2025-05-02T18:38:57","modified_gmt":"2025-05-02T18:38:57","slug":"tpc-realiza-visita-comercial-a-tucuman-y-catamarca-para-fortalecer-la-conexion-logistica","status":"publish","type":"post","link":"https:\/\/www.elregional.cl\/?p=5429","title":{"rendered":"TPC realiza visita comercial a Tucum\u00e1n y Catamarca para fortalecer la conexi\u00f3n log\u00edstica"},"content":{"rendered":"<p>&nbsp;<\/p>\n<p>\u2022 La instancia busc\u00f3 promover al puerto de Coquimbo como una soluci\u00f3n log\u00edstica estrat\u00e9gica para optimizar la cadena log\u00edstica de exportaciones argentinas hacia Asia-Pac\u00edfico, potenciando el uso del Paso San Francisco e impulsando la integraci\u00f3n econ\u00f3mica regional.<\/p>\n<p>Coquimbo, mayo del 2025.- En el marco del fortalecimiento de las relaciones comerciales y log\u00edsticas con la zona norte de Argentina, Terminal Puerto Coquimbo (TPC) impuls\u00f3 la semana pasada una misi\u00f3n comercial a las provincias de Tucum\u00e1n y Catamarca de Argentina, con el objetivo de potenciar el uso del Paso San Francisco como corredor estrat\u00e9gico para las exportaciones de ese pa\u00eds hacia el Asia-Pac\u00edfico.<\/p>\n<p>El 23 de abril, Laura Chiuminatto, gerente general de TPC, y Macarena Lemus, subgerente Comercial, sostuvieron reuniones con autoridades y representantes del sector log\u00edstico de la provincia de Catamarca, principal impulsor del uso comercial del Paso San Francisco. En este contexto, se realizaron encuentros con la Secretar\u00eda de Coordinaci\u00f3n e Integraci\u00f3n Regional y Log\u00edstica de esa zona, consolidando un di\u00e1logo regional para impulsar una plataforma intermodal eficiente y reforzar la integraci\u00f3n econ\u00f3mica entre ambos pa\u00edses a trav\u00e9s del Corredor Bioce\u00e1nico de transferencia de carga.<\/p>\n<p>Catamarca cuenta con una importante matriz productiva en miner\u00eda, especialmente en litio, por lo que tambi\u00e9n se mantuvieron reuniones con exportadores de este mineral, as\u00ed como con representantes de la Asociaci\u00f3n Oliv\u00edcola de Catamarca (Asolcat). Estas iniciativas ampl\u00edan las oportunidades de colaboraci\u00f3n comercial, especialmente considerando que dicha carga se moviliza en contenedores, lo que representa una carga complementaria para los servicios de l\u00edneas que actualmente operan en TPC.<\/p>\n<p>Rosana Soloaga, secretaria de Coordinaci\u00f3n e Integraci\u00f3n Regional y Log\u00edstica de Catamarca, se\u00f1al\u00f3 que: \u201cEl fortalecimiento del v\u00ednculo entre Catamarca y TPC es clave para consolidar el Corredor Vial del Paso San Francisco como una ruta estrat\u00e9gica para el comercio exterior. Esta conexi\u00f3n no solo permitir\u00e1 reducir costos y tiempos log\u00edsticos, sino que tambi\u00e9n abrir\u00e1 nuevas oportunidades para que nuestros productos regionales lleguen de forma competitiva a mercados de Asia y Am\u00e9rica. Apostamos a una integraci\u00f3n binacional que genere desarrollo, inversi\u00f3n y empleo para nuestra provincia\u201d.<\/p>\n<p>El 24 de abril, con el apoyo de la Secretar\u00eda de Estado de Relaciones Internacionales y Empresariales de Tucum\u00e1n, la Direcci\u00f3n de Comercio Exterior y el Dep\u00f3sito Fiscal de la misma provincia, se desarroll\u00f3 un encuentro dirigido a exportadores, despachantes de aduana y operadores log\u00edsticos de la regi\u00f3n, para visibilizar la oportunidad log\u00edstica de conectar con TPC a trav\u00e9s del Paso San Francisco, espec\u00edficamente enfocado en los servicios reefer, considerando el gran volumen de c\u00edtricos de dicha zona<\/p>\n<p>Osvaldo Acosta, administrador de la Divisi\u00f3n de Aduanas de Tucum\u00e1n, indic\u00f3 que \u201crealizamos una reuni\u00f3n para conocer las oportunidades que implica transferir carga por medio de Coquimbo y a trav\u00e9s del paso San Francisco, en el que estamos trabajando para que su operaci\u00f3n sea 24\/7\u201d.<\/p>\n<p>Ese mismo d\u00eda, las ejecutivas chilenas participaron en una reuni\u00f3n con exportadores de c\u00edtricos de Tucum\u00e1n, una de las principales zonas productoras del pa\u00eds, cuyos env\u00edos actualmente utilizan el Paso Los Libertadores, en la Regi\u00f3n de Valpara\u00edso, para el tr\u00e1nsito de sus cargas hacia los puertos chilenos, enfrentando con ello, diversas complicaci\u00f3n como congestiones y cierres por condiciones clim\u00e1ticas,, ante esto TPC es una soluci\u00f3n confiable considerando el uso de un paso menos transitado y baja probabilidad de barreras de nieve<\/p>\n<p>Laura Chiuminatto, gerente general de TPC, destac\u00f3 que \u201cal optar por transferir su carga por Coquimbo, los exportadores de esta provincia pueden optimizar la cadena log\u00edstica, reducir tiempos de tr\u00e1nsito y descongestionar rutas tradicionales, impulsando una mayor fluidez en el comercio bilateral entre ambos pa\u00edses\u201d.<\/p>\n<p>Este tipo de instancias refuerzan el compromiso de TPC por ampliar sus redes de colaboraci\u00f3n, posicionarse como un socio clave en el comercio transfronterizo y contribuyendo al desarrollo sustentable del territorio. Asimismo, estas reuniones se complementan con la reciente visita comercial de ejecutivas de TPC a San Juan, Argentina, para explorar oportunidades log\u00edsticas y comerciales con esa provincia. Durante su visita a San Juan, ejecutivas de TPC se reunieron con representantes del Gobierno de San Juan, incluyendo al ministro de Miner\u00eda, Juan Pablo Perea, y al director de la Agencia de Inversiones, Mart\u00edn Palisa. Tambi\u00e9n visitaron al intendente del Departamento de Iglesia, Jorge Espejo, y dialogaron con diversos actores de la cadena log\u00edstica como empresas mineras, agencias de aduanas y operadores log\u00edsticos<\/p>\n<p>&nbsp;<\/p>\n<p>&nbsp;<\/p>\n<p>&nbsp;<\/p>\n","protected":false},"excerpt":{"rendered":"<p>&nbsp; \u2022 La instancia busc\u00f3 promover al puerto de Coquimbo como una soluci\u00f3n log\u00edstica estrat\u00e9gica para optimizar la cadena log\u00edstica de exportaciones argentinas hacia Asia-Pac\u00edfico, potenciando el uso del Paso San Francisco e impulsando la integraci\u00f3n econ\u00f3mica regional. Coquimbo, mayo del 2025.- En el marco del fortalecimiento de las relaciones comerciales y log\u00edsticas con la &hellip;<\/p>\n","protected":false},"author":2,"featured_media":5430,"comment_status":"closed","ping_status":"closed","sticky":false,"template":"","format":"standard","meta":{"footnotes":""},"categories":[2],"tags":[],"class_list":["post-5429","post","type-post","status-publish","format-standard","has-post-thumbnail","hentry","category-regionales"],"_links":{"self":[{"href":"https:\/\/www.elregional.cl\/index.php?rest_route=\/wp\/v2\/posts\/5429","targetHints":{"allow":["GET"]}}],"collection":[{"href":"https:\/\/www.elregional.cl\/index.php?rest_route=\/wp\/v2\/posts"}],"about":[{"href":"https:\/\/www.elregional.cl\/index.php?rest_route=\/wp\/v2\/types\/post"}],"author":[{"embeddable":true,"href":"https:\/\/www.elregional.cl\/index.php?rest_route=\/wp\/v2\/users\/2"}],"replies":[{"embeddable":true,"href":"https:\/\/www.elregional.cl\/index.php?rest_route=%2Fwp%2Fv2%2Fcomments&post=5429"}],"version-history":[{"count":1,"href":"https:\/\/www.elregional.cl\/index.php?rest_route=\/wp\/v2\/posts\/5429\/revisions"}],"predecessor-version":[{"id":5431,"href":"https:\/\/www.elregional.cl\/index.php?rest_route=\/wp\/v2\/posts\/5429\/revisions\/5431"}],"wp:featuredmedia":[{"embeddable":true,"href":"https:\/\/www.elregional.cl\/index.php?rest_route=\/wp\/v2\/media\/5430"}],"wp:attachment":[{"href":"https:\/\/www.elregional.cl\/index.php?rest_route=%2Fwp%2Fv2%2Fmedia&parent=5429"}],"wp:term":[{"taxonomy":"category","embeddable":true,"href":"https:\/\/www.elregional.cl\/index.php?rest_route=%2Fwp%2Fv2%2Fcategories&post=5429"},{"taxonomy":"post_tag","embeddable":true,"href":"https:\/\/www.elregional.cl\/index.php?rest_route=%2Fwp%2Fv2%2Ftags&post=5429"}],"curies":[{"name":"wp","href":"https:\/\/api.w.org\/{rel}","templated":true}]}}