{"id":5476,"date":"2025-05-04T15:37:13","date_gmt":"2025-05-04T15:37:13","guid":{"rendered":"https:\/\/www.elregional.cl\/?p=5476"},"modified":"2025-05-04T15:37:13","modified_gmt":"2025-05-04T15:37:13","slug":"adulta-mayor-fallece-en-accidente-de-transito-en-ruta-d-43-sector-ovalle","status":"publish","type":"post","link":"https:\/\/www.elregional.cl\/?p=5476","title":{"rendered":"Adulta mayor fallece en accidente de tr\u00e1nsito en ruta D-43 sector Ovalle"},"content":{"rendered":"<p><strong>En horas de la madrugada de este domingo 4 de mayo, un equipo investigador de la SIAT de Carabineros se traslad\u00f3 a la ruta D-43, pr\u00f3ximo al kil\u00f3metro 16, a ra\u00edz de una grave situaci\u00f3n. Tras un accidente, se report\u00f3 el sensible fallecimiento de una mujer adulta de 88 a\u00f1os.<\/strong><\/p>\n<p>En el lugar del suceso se llevar\u00e1n a cabo diligencias investigativas con la finalidad de obtener la din\u00e1mica y causa basal del accidente. Por parte de la SIAT de\u00a0<a title=\"Carabineros\" href=\"https:\/\/www.carabineros.cl\/\" target=\"_blank\" rel=\"noopener nofollow\">Carabineros<\/a>\u00a0se realizar\u00e1 un levantamiento planim\u00e9trico, toma de fotograf\u00edas, an\u00e1lisis de indicios y rastros en la calzada, as\u00ed como el examen de los da\u00f1os que presentaban ambos veh\u00edculos.<\/p>\n<p>\u201cEs importante resaltar que este tramo de la ruta D-43 es especialmente peligroso, lo que reitera la necesidad de adherirse estrictamente a las normas de tr\u00e1nsito. Hacemos un llamado urgente a todos los usuarios de esta v\u00eda para que cumplan con las reglas establecidas y utilicen adecuadamente los elementos de seguridad, como el cintur\u00f3n de seguridad y la silla de retenci\u00f3n infantil\u201d, se\u00f1al\u00f3 el Teniente Mario Soto Godoy de\u00a0<a title=\"Carabineros\" href=\"https:\/\/www.carabineros.cl\/\" target=\"_blank\" rel=\"noopener nofollow\">Carabineros<\/a>.<\/p>\n<p>Este incidente es una advertencia sobre la importancia de la vigilancia y las medidas preventivas en el \u00e1mbito del tr\u00e1nsito, por lo que la autoridad policial llama a respetar las normas de seguridad para garantizar la integridad de todos los usuarios de la v\u00eda.<\/p>\n","protected":false},"excerpt":{"rendered":"<p>En horas de la madrugada de este domingo 4 de mayo, un equipo investigador de la SIAT de Carabineros se traslad\u00f3 a la ruta D-43, pr\u00f3ximo al kil\u00f3metro 16, a ra\u00edz de una grave situaci\u00f3n. Tras un accidente, se report\u00f3 el sensible fallecimiento de una mujer adulta de 88 a\u00f1os. En el lugar del suceso &hellip;<\/p>\n","protected":false},"author":2,"featured_media":5477,"comment_status":"closed","ping_status":"closed","sticky":false,"template":"","format":"standard","meta":{"footnotes":""},"categories":[2],"tags":[],"class_list":["post-5476","post","type-post","status-publish","format-standard","has-post-thumbnail","hentry","category-regionales"],"_links":{"self":[{"href":"https:\/\/www.elregional.cl\/index.php?rest_route=\/wp\/v2\/posts\/5476","targetHints":{"allow":["GET"]}}],"collection":[{"href":"https:\/\/www.elregional.cl\/index.php?rest_route=\/wp\/v2\/posts"}],"about":[{"href":"https:\/\/www.elregional.cl\/index.php?rest_route=\/wp\/v2\/types\/post"}],"author":[{"embeddable":true,"href":"https:\/\/www.elregional.cl\/index.php?rest_route=\/wp\/v2\/users\/2"}],"replies":[{"embeddable":true,"href":"https:\/\/www.elregional.cl\/index.php?rest_route=%2Fwp%2Fv2%2Fcomments&post=5476"}],"version-history":[{"count":1,"href":"https:\/\/www.elregional.cl\/index.php?rest_route=\/wp\/v2\/posts\/5476\/revisions"}],"predecessor-version":[{"id":5478,"href":"https:\/\/www.elregional.cl\/index.php?rest_route=\/wp\/v2\/posts\/5476\/revisions\/5478"}],"wp:featuredmedia":[{"embeddable":true,"href":"https:\/\/www.elregional.cl\/index.php?rest_route=\/wp\/v2\/media\/5477"}],"wp:attachment":[{"href":"https:\/\/www.elregional.cl\/index.php?rest_route=%2Fwp%2Fv2%2Fmedia&parent=5476"}],"wp:term":[{"taxonomy":"category","embeddable":true,"href":"https:\/\/www.elregional.cl\/index.php?rest_route=%2Fwp%2Fv2%2Fcategories&post=5476"},{"taxonomy":"post_tag","embeddable":true,"href":"https:\/\/www.elregional.cl\/index.php?rest_route=%2Fwp%2Fv2%2Ftags&post=5476"}],"curies":[{"name":"wp","href":"https:\/\/api.w.org\/{rel}","templated":true}]}}