{"id":5514,"date":"2025-05-04T23:56:34","date_gmt":"2025-05-04T23:56:34","guid":{"rendered":"https:\/\/www.elregional.cl\/?p=5514"},"modified":"2025-05-04T23:56:34","modified_gmt":"2025-05-04T23:56:34","slug":"hallan-asesinados-a-13-trabajadores-secuestrados-en-mina-al-norte-de-peru","status":"publish","type":"post","link":"https:\/\/www.elregional.cl\/?p=5514","title":{"rendered":"Hallan asesinados a 13 trabajadores secuestrados en mina al norte de Per\u00fa"},"content":{"rendered":"<header class=\"main-article__header | all:margin-block-end-24\">\n<div class=\"main-article__socials main-article-socials | all:margin-block-start-4\"><\/div>\n<\/header>\n<div class=\"main-article__body main-layout\">\n<section class=\"main-article__content main-layout__item\">\n<div class=\"main-article__media main-article-media | u-mobile-negative-margin\">\n<footer class=\"main-article-media__footer | all:margin-block-start-12\"><\/footer>\n<\/div>\n<div class=\"main-article__text main-article-text | js-content-post | all:margin-block-start-20 all:margin-block-end-24\">\n<p class=\"\" data-start=\"208\" data-end=\"604\">Agricultura.cl<\/p>\n<p class=\"\" data-start=\"208\" data-end=\"604\">Una grave denuncia remece a Per\u00fa:<strong>\u00a0trece trabajadores de la compa\u00f1\u00eda minera Poderosa fueron hallados sin vida este domingo 4 de mayo<\/strong>\u00a0en la provincia de Pataz, al norte del pa\u00eds. Seg\u00fan informaci\u00f3n entregada por la propia empresa,<strong>\u00a0las v\u00edctimas hab\u00edan sido secuestradas hace una semana y fueron encontradas con impactos de bala en la cabeza y el cuello<\/strong>, se\u00f1al que apunta directamente a una ejecuci\u00f3n.<\/p>\n<p class=\"\" data-start=\"606\" data-end=\"1011\">La minera no dud\u00f3 en atribuir la responsabilidad a\u00a0<strong>bandas criminales vinculadas a la miner\u00eda ilegal<\/strong>, las que seg\u00fan indican han tomado control del territorio. \u201c<strong>Fueron cruelmente asesinados por criminales aliados a la miner\u00eda ilegal<\/strong>\u201c, denunci\u00f3 Poderosa en un comunicado, donde tambi\u00e9n advirti\u00f3 que este no es un hecho aislado: ya ser\u00edan\u00a0<strong>39 los trabajadores asesinados por estas mafias en el \u00faltimo tiempo<\/strong>.<\/p>\n<p class=\"\" data-start=\"1013\" data-end=\"1378\">En su declaraci\u00f3n, la compa\u00f1\u00eda advirti\u00f3 que<strong>\u00a0Pataz se ha convertido en una zona sin ley,<\/strong>\u00a0donde la violencia opera sin restricciones. Por ello, hizo un llamado urgente al gobierno peruano para redise\u00f1ar su estrategia de seguridad, se\u00f1alando que no es posible combatir el crimen si la polic\u00eda no interviene las bocaminas ilegales desde donde operan los grupos armados.<\/p>\n<p class=\"\" data-start=\"1380\" data-end=\"1790\">La empresa tambi\u00e9n arremeti\u00f3 contra la\u00a0<strong>Direcci\u00f3n General de Formalizaci\u00f3n Minera<\/strong>, acus\u00e1ndola de no atender sus solicitudes para excluir de sus concesiones a los operadores informales e ilegales que siguen explotando el territorio sin ning\u00fan tipo de fiscalizaci\u00f3n. Agregaron que la ubicaci\u00f3n de estos puntos ha sido plenamente georreferenciada, pero que la inacci\u00f3n de las autoridades ha permitido su expansi\u00f3n.<\/p>\n<\/div>\n<\/section>\n<\/div>\n","protected":false},"excerpt":{"rendered":"<p>Agricultura.cl Una grave denuncia remece a Per\u00fa:\u00a0trece trabajadores de la compa\u00f1\u00eda minera Poderosa fueron hallados sin vida este domingo 4 de mayo\u00a0en la provincia de Pataz, al norte del pa\u00eds. Seg\u00fan informaci\u00f3n entregada por la propia empresa,\u00a0las v\u00edctimas hab\u00edan sido secuestradas hace una semana y fueron encontradas con impactos de bala en la cabeza y &hellip;<\/p>\n","protected":false},"author":2,"featured_media":5515,"comment_status":"closed","ping_status":"closed","sticky":false,"template":"","format":"standard","meta":{"footnotes":""},"categories":[4],"tags":[],"class_list":["post-5514","post","type-post","status-publish","format-standard","has-post-thumbnail","hentry","category-mundo"],"_links":{"self":[{"href":"https:\/\/www.elregional.cl\/index.php?rest_route=\/wp\/v2\/posts\/5514","targetHints":{"allow":["GET"]}}],"collection":[{"href":"https:\/\/www.elregional.cl\/index.php?rest_route=\/wp\/v2\/posts"}],"about":[{"href":"https:\/\/www.elregional.cl\/index.php?rest_route=\/wp\/v2\/types\/post"}],"author":[{"embeddable":true,"href":"https:\/\/www.elregional.cl\/index.php?rest_route=\/wp\/v2\/users\/2"}],"replies":[{"embeddable":true,"href":"https:\/\/www.elregional.cl\/index.php?rest_route=%2Fwp%2Fv2%2Fcomments&post=5514"}],"version-history":[{"count":1,"href":"https:\/\/www.elregional.cl\/index.php?rest_route=\/wp\/v2\/posts\/5514\/revisions"}],"predecessor-version":[{"id":5516,"href":"https:\/\/www.elregional.cl\/index.php?rest_route=\/wp\/v2\/posts\/5514\/revisions\/5516"}],"wp:featuredmedia":[{"embeddable":true,"href":"https:\/\/www.elregional.cl\/index.php?rest_route=\/wp\/v2\/media\/5515"}],"wp:attachment":[{"href":"https:\/\/www.elregional.cl\/index.php?rest_route=%2Fwp%2Fv2%2Fmedia&parent=5514"}],"wp:term":[{"taxonomy":"category","embeddable":true,"href":"https:\/\/www.elregional.cl\/index.php?rest_route=%2Fwp%2Fv2%2Fcategories&post=5514"},{"taxonomy":"post_tag","embeddable":true,"href":"https:\/\/www.elregional.cl\/index.php?rest_route=%2Fwp%2Fv2%2Ftags&post=5514"}],"curies":[{"name":"wp","href":"https:\/\/api.w.org\/{rel}","templated":true}]}}