{"id":5528,"date":"2025-05-05T11:22:52","date_gmt":"2025-05-05T11:22:52","guid":{"rendered":"https:\/\/www.elregional.cl\/?p=5528"},"modified":"2025-05-05T11:22:52","modified_gmt":"2025-05-05T11:22:52","slug":"alcaldesa-de-la-serena-condena-a-sujetos-que-vandalizaron-el-faro-monumental","status":"publish","type":"post","link":"https:\/\/www.elregional.cl\/?p=5528","title":{"rendered":"Alcaldesa de La Serena condena a sujetos que vandalizaron el Faro Monumental"},"content":{"rendered":"<p>SerenayCoquimbo.cl<\/p>\n<p>Desde la municipalidad de la capital regional, la alcaldesa Daniela Norambuena rechaz\u00f3 en\u00e9rgicamente los da\u00f1os que antisociales realizaron en el Faro Monumental, \u00edcono de la ciudad y principal destino tur\u00edstico nacional e internacional.<\/p>\n<p>En esta misma l\u00ednea, la\u00a0<strong>alcaldesa Daniela Norambuena<\/strong>\u00a0coment\u00f3 que \u201c<em>condenamos a quienes hicieron da\u00f1o a nuestro monumento nacional, el Faro, el que fue hoy d\u00eda uno de los \u00edconos de Chile m\u00e1s visitados a nivel nacional. Hoy entregaremos todos los antecedentes, ya que tenemos c\u00e1maras de televigilancia en el sector. No vamos a permitir que nos rayen ni que nos da\u00f1en algo que es hist\u00f3rico e importante para la comuna de La Serena\u201d<\/em>.<\/p>\n<div class=\"code-block code-block-2\">\n<div id=\"300x250-A\"><\/div>\n<\/div>\n<p>Es del caso mencionar que las penas a las que se arriesgan las personas que resulten responsables de los da\u00f1os realizados al Faro Monumental de La Serena van desde las 50 a las 200 UTM.<\/p>\n<p>Adem\u00e1s, es importante destacar tan solo en la temporada estival 2025, fueron m\u00e1s de 145 mil personas las que visitaron el emblem\u00e1tico \u00edcono de la ciudad, quienes disfrutaron de esta infraestructura que data de la d\u00e9cada de 1950.<\/p>\n","protected":false},"excerpt":{"rendered":"<p>SerenayCoquimbo.cl Desde la municipalidad de la capital regional, la alcaldesa Daniela Norambuena rechaz\u00f3 en\u00e9rgicamente los da\u00f1os que antisociales realizaron en el Faro Monumental, \u00edcono de la ciudad y principal destino tur\u00edstico nacional e internacional. En esta misma l\u00ednea, la\u00a0alcaldesa Daniela Norambuena\u00a0coment\u00f3 que \u201ccondenamos a quienes hicieron da\u00f1o a nuestro monumento nacional, el Faro, el que &hellip;<\/p>\n","protected":false},"author":2,"featured_media":5529,"comment_status":"closed","ping_status":"closed","sticky":false,"template":"","format":"standard","meta":{"footnotes":""},"categories":[2],"tags":[],"class_list":["post-5528","post","type-post","status-publish","format-standard","has-post-thumbnail","hentry","category-regionales"],"_links":{"self":[{"href":"https:\/\/www.elregional.cl\/index.php?rest_route=\/wp\/v2\/posts\/5528","targetHints":{"allow":["GET"]}}],"collection":[{"href":"https:\/\/www.elregional.cl\/index.php?rest_route=\/wp\/v2\/posts"}],"about":[{"href":"https:\/\/www.elregional.cl\/index.php?rest_route=\/wp\/v2\/types\/post"}],"author":[{"embeddable":true,"href":"https:\/\/www.elregional.cl\/index.php?rest_route=\/wp\/v2\/users\/2"}],"replies":[{"embeddable":true,"href":"https:\/\/www.elregional.cl\/index.php?rest_route=%2Fwp%2Fv2%2Fcomments&post=5528"}],"version-history":[{"count":1,"href":"https:\/\/www.elregional.cl\/index.php?rest_route=\/wp\/v2\/posts\/5528\/revisions"}],"predecessor-version":[{"id":5530,"href":"https:\/\/www.elregional.cl\/index.php?rest_route=\/wp\/v2\/posts\/5528\/revisions\/5530"}],"wp:featuredmedia":[{"embeddable":true,"href":"https:\/\/www.elregional.cl\/index.php?rest_route=\/wp\/v2\/media\/5529"}],"wp:attachment":[{"href":"https:\/\/www.elregional.cl\/index.php?rest_route=%2Fwp%2Fv2%2Fmedia&parent=5528"}],"wp:term":[{"taxonomy":"category","embeddable":true,"href":"https:\/\/www.elregional.cl\/index.php?rest_route=%2Fwp%2Fv2%2Fcategories&post=5528"},{"taxonomy":"post_tag","embeddable":true,"href":"https:\/\/www.elregional.cl\/index.php?rest_route=%2Fwp%2Fv2%2Ftags&post=5528"}],"curies":[{"name":"wp","href":"https:\/\/api.w.org\/{rel}","templated":true}]}}