{"id":5547,"date":"2025-05-06T02:34:03","date_gmt":"2025-05-06T02:34:03","guid":{"rendered":"https:\/\/www.elregional.cl\/?p=5547"},"modified":"2025-05-06T02:34:03","modified_gmt":"2025-05-06T02:34:03","slug":"el-complejo-escenario-penal-que-enfrenta-la-fiscalia-regional-de-coquimbo-para-extraditar-al-presunto-autor-del-crimen-de-ana-maria-pizarro","status":"publish","type":"post","link":"https:\/\/www.elregional.cl\/?p=5547","title":{"rendered":"El complejo escenario penal que enfrenta la Fiscal\u00eda Regional de Coquimbo para extraditar al presunto autor del crimen de Ana Mar\u00eda Pizarro"},"content":{"rendered":"<div class=\"td-header-wrap\">\n<div id=\"td-header-menu\">\n<div class=\"td-main-menu-logo\"><\/div>\n<\/div>\n<\/div>\n<div class=\"td-container\">\n<article id=\"post-50978\" class=\"post-50978 post type-post status-publish format-standard hentry category-destacados category-reportajes\">\n<div class=\"td-post-header\">\n<header class=\"td-post-title\">\n<div class=\"td-module-meta-info\"><\/div>\n<\/header>\n<\/div>\n<div class=\"td-post-content\">\n<div class=\"td-post-sharing td-post-sharing-top\">\n<div class=\"td-default-sharing\"><i class=\"td-icon-facebook\"><\/i>\u00a0<i class=\"td-icon-twitter\"><\/i>\u00a0<i class=\"td-icon-googleplus\"><\/i>\u00a0<i class=\"td-icon-pinterest\"><\/i> <em><strong>Jos\u00e9 Alejandro Medina Ladera, de 49 a\u00f1os y de nacionalidad venezolana, fue detenido en Venezuela por su presunta responsabilidad en el brutal homicidio de Ana Mar\u00eda Pizarro, de 56 a\u00f1os, cuyo cuerpo desmembrado fue hallado en una acequia del sector Cuatro Esquinas de La Serena. La Fiscal\u00eda Regional de Coquimbo confirm\u00f3 que iniciar\u00e1 los tr\u00e1mites para solicitar su extradici\u00f3n a Chile, aunque el proceso enfrenta obst\u00e1culos pol\u00edticos y legales.<\/strong><\/em><\/div>\n<\/div>\n<h6><strong>La controversia del tratado de extradici\u00f3n<\/strong><\/h6>\n<p class=\"ds-markdown-paragraph\">El fiscal nacional venezolano, Tarek William Saab, afirm\u00f3 que\u00a0<em>\u201cno existe un tratado de extradici\u00f3n vigente con Chile\u201d<\/em>, contradiciendo declaraciones previas de la exministra del Interior chilena Carolina Toh\u00e1, quien sostuvo que ambos pa\u00edses cuentan con un acuerdo firmado en 1962.<\/p>\n<p class=\"ds-markdown-paragraph\">La evidencia legal, sin embargo, respalda la postura chilena: el\u00a0<strong>Tratado de Extradici\u00f3n entre Chile y Venezuela<\/strong>\u00a0fue suscrito el\u00a0<strong>2 de junio de 1964<\/strong>, ratificado por ambos pa\u00edses y publicado en la Gaceta Oficial venezolana N\u00b0 27.790 el\u00a0<strong>19 de junio de 1965<\/strong>. El acuerdo establece la cooperaci\u00f3n judicial para la entrega de procesados o condenados, siempre que el delito sea punible con al menos un a\u00f1o de prisi\u00f3n en ambas naciones (Art. 1). (Ver tratado\u00a0<a href=\"https:\/\/www.oas.org\/juridico\/spanish\/mesicic3_ven_anexo33.pdf\">https:\/\/www.oas.org\/juridico\/spanish\/mesicic3_ven_anexo33.pdf<strong>)<\/strong><\/a><\/p>\n<p class=\"ds-markdown-paragraph\">No obstante, el\u00a0<strong>Art\u00edculo 3<\/strong>\u00a0del tratado se\u00f1ala que\u00a0<em>\u201c<strong>los Estados contratantes no est\u00e1n obligados a entregar a sus nacionales\u201d<\/strong><\/em>. Si Venezuela rechaza la extradici\u00f3n de Medina Ladera por ser venezolano, estar\u00eda obligada a juzgarlo localmente, para lo cual Chile deber\u00e1 proporcionar las pruebas del crimen.<\/p>\n<h6><strong>El crimen que conmocion\u00f3 a La Serena<\/strong><\/h6>\n<p class=\"ds-markdown-paragraph\">Ana Mar\u00eda Pizarro fue reportada como desaparecida el 3 de abril y cuyos restos fueron encontrados 17 d\u00edas despu\u00e9s con signos de violencia extrema. Las investigaciones llevaron a identificar a Medina Ladera como principal sospechoso, quien habr\u00eda huido a Venezuela. Su captura se concret\u00f3 gracias a la colaboraci\u00f3n policial internacional.<\/p>\n<h6><strong>\u00bfQu\u00e9 sigue?<\/strong><\/h6>\n<p class=\"ds-markdown-paragraph\">La Fiscal\u00eda de Coquimbo, liderada por el fiscal regional\u00a0<strong>Patricio Cooper<\/strong>, insistir\u00e1 en la extradici\u00f3n, pero el escenario es complejo:<\/p>\n<ol start=\"1\">\n<li>\n<p class=\"ds-markdown-paragraph\"><strong>Si Venezuela acepta<\/strong>: Medina ser\u00eda enviado a Chile para enfrentar cargos por homicidio calificado y ocultamiento de cuerpo.<\/p>\n<\/li>\n<li>\n<p class=\"ds-markdown-paragraph\"><strong>Si Venezuela se niega<\/strong>: El caso pasar\u00eda a tribunales venezolanos, donde Chile deber\u00e1 presentar las pruebas para sustentar el juicio.<\/p>\n<\/li>\n<\/ol>\n<p class=\"ds-markdown-paragraph\">Expertos en derecho internacional subrayan que, m\u00e1s all\u00e1 del tratado, la decisi\u00f3n final\u00a0<strong>depender\u00e1 de la voluntad pol\u00edtica del gobierno venezolano<\/strong>, en un contexto de relaciones diplom\u00e1ticas tensionadas.<\/p>\n<p class=\"ds-markdown-paragraph\">Mientras tanto, la familia de Ana Mar\u00eda Pizarro exige justicia:\u00a0<em>\u201cQueremos que pague por lo que hizo, aqu\u00ed o en Venezuela\u201d<\/em>, declar\u00f3 un familiar a la prensa local.<\/p>\n<p class=\"ds-markdown-paragraph\"><strong>Antecedentes del tratado<\/strong>:<\/p>\n<ul>\n<li>\n<p class=\"ds-markdown-paragraph\"><strong>Firmado<\/strong>: 2 de junio de 1964 (Santiago de Chile).<\/p>\n<\/li>\n<li>\n<p class=\"ds-markdown-paragraph\"><strong>Ratificado por Venezuela<\/strong>: 30 de diciembre de 1964.<\/p>\n<\/li>\n<li>\n<p class=\"ds-markdown-paragraph\"><strong>Canje de ratificaciones<\/strong>: 28 de julio de 1965.<\/p>\n<\/li>\n<li>\n<p class=\"ds-markdown-paragraph\"><strong>Excepci\u00f3n clave<\/strong>: No obliga a extraditar nacionales (Art. 3).<\/p>\n<\/li>\n<\/ul>\n<p class=\"ds-markdown-paragraph\">La disputa legal pone a prueba la cooperaci\u00f3n judicial entre ambos pa\u00edses y podr\u00eda prolongar el camino hacia la justicia para la v\u00edctima.<\/p>\n<\/div>\n<\/article>\n<\/div>\n","protected":false},"excerpt":{"rendered":"<p>\u00a0\u00a0\u00a0 Jos\u00e9 Alejandro Medina Ladera, de 49 a\u00f1os y de nacionalidad venezolana, fue detenido en Venezuela por su presunta responsabilidad en el brutal homicidio de Ana Mar\u00eda Pizarro, de 56 a\u00f1os, cuyo cuerpo desmembrado fue hallado en una acequia del sector Cuatro Esquinas de La Serena. La Fiscal\u00eda Regional de Coquimbo confirm\u00f3 que iniciar\u00e1 los &hellip;<\/p>\n","protected":false},"author":2,"featured_media":5548,"comment_status":"closed","ping_status":"closed","sticky":false,"template":"","format":"standard","meta":{"footnotes":""},"categories":[2],"tags":[],"class_list":["post-5547","post","type-post","status-publish","format-standard","has-post-thumbnail","hentry","category-regionales"],"_links":{"self":[{"href":"https:\/\/www.elregional.cl\/index.php?rest_route=\/wp\/v2\/posts\/5547","targetHints":{"allow":["GET"]}}],"collection":[{"href":"https:\/\/www.elregional.cl\/index.php?rest_route=\/wp\/v2\/posts"}],"about":[{"href":"https:\/\/www.elregional.cl\/index.php?rest_route=\/wp\/v2\/types\/post"}],"author":[{"embeddable":true,"href":"https:\/\/www.elregional.cl\/index.php?rest_route=\/wp\/v2\/users\/2"}],"replies":[{"embeddable":true,"href":"https:\/\/www.elregional.cl\/index.php?rest_route=%2Fwp%2Fv2%2Fcomments&post=5547"}],"version-history":[{"count":1,"href":"https:\/\/www.elregional.cl\/index.php?rest_route=\/wp\/v2\/posts\/5547\/revisions"}],"predecessor-version":[{"id":5549,"href":"https:\/\/www.elregional.cl\/index.php?rest_route=\/wp\/v2\/posts\/5547\/revisions\/5549"}],"wp:featuredmedia":[{"embeddable":true,"href":"https:\/\/www.elregional.cl\/index.php?rest_route=\/wp\/v2\/media\/5548"}],"wp:attachment":[{"href":"https:\/\/www.elregional.cl\/index.php?rest_route=%2Fwp%2Fv2%2Fmedia&parent=5547"}],"wp:term":[{"taxonomy":"category","embeddable":true,"href":"https:\/\/www.elregional.cl\/index.php?rest_route=%2Fwp%2Fv2%2Fcategories&post=5547"},{"taxonomy":"post_tag","embeddable":true,"href":"https:\/\/www.elregional.cl\/index.php?rest_route=%2Fwp%2Fv2%2Ftags&post=5547"}],"curies":[{"name":"wp","href":"https:\/\/api.w.org\/{rel}","templated":true}]}}