{"id":5566,"date":"2025-05-06T12:34:45","date_gmt":"2025-05-06T12:34:45","guid":{"rendered":"https:\/\/www.elregional.cl\/?p=5566"},"modified":"2025-05-06T12:34:45","modified_gmt":"2025-05-06T12:34:45","slug":"carabineros-de-ovalle-detienen-a-delincuente-con-mas-de-100-reiteraciones-en-su-historial","status":"publish","type":"post","link":"https:\/\/www.elregional.cl\/?p=5566","title":{"rendered":"Carabineros de Ovalle Detienen a delincuente con m\u00e1s de 100 reiteraciones en su historial"},"content":{"rendered":"<div class=\"td_block_wrap tdb_title tdi_48 tdb-single-title td-pb-border-top td_block_template_1\" data-td-block-uid=\"tdi_48\">\n<div class=\"tdb-block-inner td-fix-index\">\n<h1 class=\"tdb-title-text\"><\/h1>\n<\/div>\n<\/div>\n<div class=\"td_block_wrap tdb_single_content tdi_55 td-pb-border-top td_block_template_1 td-post-content tagdiv-type\" data-td-block-uid=\"tdi_55\">\n<div class=\"tdb-block-inner td-fix-index\">\n<p>En un operativo r\u00e1pido y efectivo, personal de la\u00a0<strong>3\u00aa Comisar\u00eda de Ovalle<\/strong>\u00a0detuvo en flagrancia a un individuo de\u00a0<strong>65 a\u00f1os<\/strong>, de nacionalidad chilena, mientras comet\u00eda un robo en una multitienda de la comuna.<\/p>\n<p>Lo m\u00e1s alarmante del caso es el\u00a0<strong>extenso historial delictual<\/strong>\u00a0del sujeto, quien acumula\u00a0<strong>m\u00e1s de 100 reiteraciones<\/strong>\u00a0por diversos delitos, demostrando un patr\u00f3n recurrente de conductas il\u00edcitas. Gracias a la r\u00e1pida acci\u00f3n de\u00a0<strong>Carabineros<\/strong>, el hombre fue capturado en el lugar y puesto a disposici\u00f3n de la justicia.<\/p>\n<p>El tribunal decret\u00f3 la\u00a0<strong>legalidad de su detenci\u00f3n<\/strong>\u00a0y orden\u00f3\u00a0<strong>prisi\u00f3n preventiva por 41 d\u00edas<\/strong>, considerando su peligrosidad y alta reincidencia. Adem\u00e1s, el imputado fue citado a una\u00a0<strong>audiencia en mayo<\/strong>, donde enfrentar\u00e1 nuevos cargos asociados a su larga trayectoria criminal.<\/p>\n<p>Ovallehoy.cl<\/p>\n<\/div>\n<\/div>\n","protected":false},"excerpt":{"rendered":"<p>En un operativo r\u00e1pido y efectivo, personal de la\u00a03\u00aa Comisar\u00eda de Ovalle\u00a0detuvo en flagrancia a un individuo de\u00a065 a\u00f1os, de nacionalidad chilena, mientras comet\u00eda un robo en una multitienda de la comuna. Lo m\u00e1s alarmante del caso es el\u00a0extenso historial delictual\u00a0del sujeto, quien acumula\u00a0m\u00e1s de 100 reiteraciones\u00a0por diversos delitos, demostrando un patr\u00f3n recurrente de conductas &hellip;<\/p>\n","protected":false},"author":2,"featured_media":0,"comment_status":"closed","ping_status":"closed","sticky":false,"template":"","format":"standard","meta":{"footnotes":""},"categories":[2],"tags":[],"class_list":["post-5566","post","type-post","status-publish","format-standard","hentry","category-regionales"],"_links":{"self":[{"href":"https:\/\/www.elregional.cl\/index.php?rest_route=\/wp\/v2\/posts\/5566","targetHints":{"allow":["GET"]}}],"collection":[{"href":"https:\/\/www.elregional.cl\/index.php?rest_route=\/wp\/v2\/posts"}],"about":[{"href":"https:\/\/www.elregional.cl\/index.php?rest_route=\/wp\/v2\/types\/post"}],"author":[{"embeddable":true,"href":"https:\/\/www.elregional.cl\/index.php?rest_route=\/wp\/v2\/users\/2"}],"replies":[{"embeddable":true,"href":"https:\/\/www.elregional.cl\/index.php?rest_route=%2Fwp%2Fv2%2Fcomments&post=5566"}],"version-history":[{"count":1,"href":"https:\/\/www.elregional.cl\/index.php?rest_route=\/wp\/v2\/posts\/5566\/revisions"}],"predecessor-version":[{"id":5567,"href":"https:\/\/www.elregional.cl\/index.php?rest_route=\/wp\/v2\/posts\/5566\/revisions\/5567"}],"wp:attachment":[{"href":"https:\/\/www.elregional.cl\/index.php?rest_route=%2Fwp%2Fv2%2Fmedia&parent=5566"}],"wp:term":[{"taxonomy":"category","embeddable":true,"href":"https:\/\/www.elregional.cl\/index.php?rest_route=%2Fwp%2Fv2%2Fcategories&post=5566"},{"taxonomy":"post_tag","embeddable":true,"href":"https:\/\/www.elregional.cl\/index.php?rest_route=%2Fwp%2Fv2%2Ftags&post=5566"}],"curies":[{"name":"wp","href":"https:\/\/api.w.org\/{rel}","templated":true}]}}