{"id":5679,"date":"2025-05-08T01:39:33","date_gmt":"2025-05-08T01:39:33","guid":{"rendered":"https:\/\/www.elregional.cl\/?p=5679"},"modified":"2025-05-08T01:45:18","modified_gmt":"2025-05-08T01:45:18","slug":"basura-plagas-sin-luz-y-delincuencia-la-tortura-diaria-que-viven-los-vecinos-del-sector-canelo-bajo-de-coquimbo","status":"publish","type":"post","link":"https:\/\/www.elregional.cl\/?p=5679","title":{"rendered":"Basura, plagas, sin luz y delincuencia: La tortura diaria que viven los vecinos del sector Canelo Bajo de Coquimbo"},"content":{"rendered":"<p>Por: Andr\u00e9s Sandoval Z.<\/p>\n<p>Un verdadero calvario viven a diario los vecinos del sector Canelo Bajo , en la Parte alta de Coquimbo.<\/p>\n<p>Espec\u00edficamente los habitantes de calle Nueva y Janequeo nos se\u00f1alaron que viven en medio de la basura acumulada, que la acci\u00f3n del cami\u00f3n recolector de residuos domiciliarios es insuficiente, lo que le han se\u00f1alado de manera reiterada a representantes de la empresa de aseo, al departamento municipal del aseo y ornato, a gestores territoriales y encargada de la Delegaci\u00f3n municipal de la Parte Alta de Coquimbo, sin tener respuesta satisfactoria a la fecha.<\/p>\n<p><img loading=\"lazy\" decoding=\"async\" class=\"alignnone size-medium wp-image-5680\" src=\"https:\/\/www.elregional.cl\/wp-content\/uploads\/2025\/05\/IMG-20250507-WA0016-300x277.jpg\" alt=\"\" width=\"300\" height=\"277\" srcset=\"https:\/\/www.elregional.cl\/wp-content\/uploads\/2025\/05\/IMG-20250507-WA0016-300x277.jpg 300w, https:\/\/www.elregional.cl\/wp-content\/uploads\/2025\/05\/IMG-20250507-WA0016-768x710.jpg 768w, https:\/\/www.elregional.cl\/wp-content\/uploads\/2025\/05\/IMG-20250507-WA0016.jpg 898w\" sizes=\"auto, (max-width: 300px) 100vw, 300px\" \/><\/p>\n<p>Lo anterior a derivado la presencia y aparici\u00f3n de plagas de roedores, moscas, perros callejeros, vertederos de excremento de animales dom\u00e9sticos que son arrojados en este sector, creando un peligroso foco infeccioso qu\u00e9 afecta principalmente a lactantes y adultos mayores del sector.<\/p>\n<p><img loading=\"lazy\" decoding=\"async\" class=\"alignnone size-medium wp-image-5681\" src=\"https:\/\/www.elregional.cl\/wp-content\/uploads\/2025\/05\/IMG-20250507-WA0018-300x291.jpg\" alt=\"\" width=\"300\" height=\"291\" srcset=\"https:\/\/www.elregional.cl\/wp-content\/uploads\/2025\/05\/IMG-20250507-WA0018-300x291.jpg 300w, https:\/\/www.elregional.cl\/wp-content\/uploads\/2025\/05\/IMG-20250507-WA0018-768x744.jpg 768w, https:\/\/www.elregional.cl\/wp-content\/uploads\/2025\/05\/IMG-20250507-WA0018.jpg 898w\" sizes=\"auto, (max-width: 300px) 100vw, 300px\" \/><\/p>\n<p>Como \u00abguinda de la torta\u00bb se suma la falta de luz qu\u00e9 afecta a estos vecinos, con luminarias p\u00fablicas apagadas durante la noche, creando el escenario ideal para la proliferaci\u00f3n de la delincuencia y microtr\u00e1fico de drogas.<\/p>\n<p><img loading=\"lazy\" decoding=\"async\" class=\"alignnone size-medium wp-image-5682\" src=\"https:\/\/www.elregional.cl\/wp-content\/uploads\/2025\/05\/IMG-20250507-WA0060-300x272.jpg\" alt=\"\" width=\"300\" height=\"272\" srcset=\"https:\/\/www.elregional.cl\/wp-content\/uploads\/2025\/05\/IMG-20250507-WA0060-300x272.jpg 300w, https:\/\/www.elregional.cl\/wp-content\/uploads\/2025\/05\/IMG-20250507-WA0060.jpg 720w\" sizes=\"auto, (max-width: 300px) 100vw, 300px\" \/><\/p>\n<p>Estos vecinos ya est\u00e1n desesperados y\u00a0 nos cuentan que \u00abNi siquiera \u00bb conocemos al Alcalde, menos a los encargados de la Parte Alta\u00bb , \u00bb all\u00e1 abajo donde est\u00e1n las tomas de los colombianos y venezolanos, les tienen de todo&#8230;y en la noche tienen luz \u00bb Sentencian los desconsolados habitantes del sector Canelo Bajo.<\/p>\n<p><img loading=\"lazy\" decoding=\"async\" class=\"alignnone size-medium wp-image-5683\" src=\"https:\/\/www.elregional.cl\/wp-content\/uploads\/2025\/05\/IMG-20250507-WA0015-300x300.jpg\" alt=\"\" width=\"300\" height=\"300\" srcset=\"https:\/\/www.elregional.cl\/wp-content\/uploads\/2025\/05\/IMG-20250507-WA0015-300x300.jpg 300w, https:\/\/www.elregional.cl\/wp-content\/uploads\/2025\/05\/IMG-20250507-WA0015-150x150.jpg 150w, https:\/\/www.elregional.cl\/wp-content\/uploads\/2025\/05\/IMG-20250507-WA0015-768x768.jpg 768w, https:\/\/www.elregional.cl\/wp-content\/uploads\/2025\/05\/IMG-20250507-WA0015.jpg 898w\" sizes=\"auto, (max-width: 300px) 100vw, 300px\" \/><\/p>\n","protected":false},"excerpt":{"rendered":"<p>Por: Andr\u00e9s Sandoval Z. Un verdadero calvario viven a diario los vecinos del sector Canelo Bajo , en la Parte alta de Coquimbo. Espec\u00edficamente los habitantes de calle Nueva y Janequeo nos se\u00f1alaron que viven en medio de la basura acumulada, que la acci\u00f3n del cami\u00f3n recolector de residuos domiciliarios es insuficiente, lo que le &hellip;<\/p>\n","protected":false},"author":2,"featured_media":5688,"comment_status":"closed","ping_status":"closed","sticky":false,"template":"","format":"standard","meta":{"footnotes":""},"categories":[2],"tags":[],"class_list":["post-5679","post","type-post","status-publish","format-standard","has-post-thumbnail","hentry","category-regionales"],"_links":{"self":[{"href":"https:\/\/www.elregional.cl\/index.php?rest_route=\/wp\/v2\/posts\/5679","targetHints":{"allow":["GET"]}}],"collection":[{"href":"https:\/\/www.elregional.cl\/index.php?rest_route=\/wp\/v2\/posts"}],"about":[{"href":"https:\/\/www.elregional.cl\/index.php?rest_route=\/wp\/v2\/types\/post"}],"author":[{"embeddable":true,"href":"https:\/\/www.elregional.cl\/index.php?rest_route=\/wp\/v2\/users\/2"}],"replies":[{"embeddable":true,"href":"https:\/\/www.elregional.cl\/index.php?rest_route=%2Fwp%2Fv2%2Fcomments&post=5679"}],"version-history":[{"count":1,"href":"https:\/\/www.elregional.cl\/index.php?rest_route=\/wp\/v2\/posts\/5679\/revisions"}],"predecessor-version":[{"id":5685,"href":"https:\/\/www.elregional.cl\/index.php?rest_route=\/wp\/v2\/posts\/5679\/revisions\/5685"}],"wp:featuredmedia":[{"embeddable":true,"href":"https:\/\/www.elregional.cl\/index.php?rest_route=\/wp\/v2\/media\/5688"}],"wp:attachment":[{"href":"https:\/\/www.elregional.cl\/index.php?rest_route=%2Fwp%2Fv2%2Fmedia&parent=5679"}],"wp:term":[{"taxonomy":"category","embeddable":true,"href":"https:\/\/www.elregional.cl\/index.php?rest_route=%2Fwp%2Fv2%2Fcategories&post=5679"},{"taxonomy":"post_tag","embeddable":true,"href":"https:\/\/www.elregional.cl\/index.php?rest_route=%2Fwp%2Fv2%2Ftags&post=5679"}],"curies":[{"name":"wp","href":"https:\/\/api.w.org\/{rel}","templated":true}]}}