{"id":570,"date":"2024-08-21T07:10:35","date_gmt":"2024-08-21T07:10:35","guid":{"rendered":"https:\/\/www.elregional.cl\/?p=570"},"modified":"2024-08-21T07:13:29","modified_gmt":"2024-08-21T07:13:29","slug":"la-viruela-del-mono-no-es-el-nuevo-covid-la-oms-descarto-comparaciones-drasticas","status":"publish","type":"post","link":"https:\/\/www.elregional.cl\/?p=570","title":{"rendered":"La Viruela del mono no es el nuevo COVID: La OMS descart\u00f3 comparaciones dr\u00e1sticas."},"content":{"rendered":"<div class=\"visual__image\"><img loading=\"lazy\" decoding=\"async\" class=\"\" src=\"https:\/\/www.infobae.com\/new-resizer\/guIIkgBdlJGYdnQD7l5mN8LdZVI=\/992x606\/filters:format(webp):quality(85)\/cloudfront-us-east-1.images.arcpublishing.com\/infobae\/D5YXF6M7NYEJIPAZBGL5BSGRKQ.jpg%20992w\" sizes=\"auto, (min-width: 1560px) 856px, (min-width: 1000px) calc(74.63vw - 293px), (min-width: 780px) calc(100vw - 376px), (min-width: 580px) calc(100vw - 32px), 100vw\" srcset=\"https:\/\/www.infobae.com\/new-resizer\/guIIkgBdlJGYdnQD7l5mN8LdZVI=\/992x606\/filters:format(webp):quality(85)\/cloudfront-us-east-1.images.arcpublishing.com\/infobae\/D5YXF6M7NYEJIPAZBGL5BSGRKQ.jpg 992w\" alt=\"La emergencia de salud p\u00fablica por mpox fue declarada el 14 de agosto despu\u00e9s del aumento de casos en la Rep\u00fablica Democr\u00e1tica del Congo (REUTERS\/Arlette Bashizi)\" width=\"7672\" height=\"4896\" data-src=\"https:\/\/www.infobae.com\/new-resizer\/guIIkgBdlJGYdnQD7l5mN8LdZVI=\/992x606\/filters:format(webp):quality(85)\/cloudfront-us-east-1.images.arcpublishing.com\/infobae\/D5YXF6M7NYEJIPAZBGL5BSGRKQ.jpg 992w\" \/>La emergencia de salud p\u00fablica por mpox fue declarada el 14 de agosto despu\u00e9s del aumento de casos en la Rep\u00fablica Democr\u00e1tica del Congo (REUTERS\/Arlette Bashizi)<\/div>\n<p class=\"paragraph\" data-mrf-recirculation=\"Links inline\">La\u00a0<b>Organizaci\u00f3n Mundial de la Salud (OMS)<\/b>\u00a0enfatiz\u00f3 el martes que el brote de\u00a0<b>mpox<\/b>, anteriormente conocido como viruela del mono, no es comparable con la pandemia de COVID-19. Seg\u00fan\u00a0<b>Hans Kluge<\/b>, director europeo de la OMS, ya se sabe mucho sobre el virus y c\u00f3mo controlarlo, lo que permite afirmar que la propagaci\u00f3n del mpox puede ser contenida.<\/p>\n<div class=\"news-module\" data-mrf-recirculation=\"IL_GBLs3HYWRq2RgU4Qz8MM1Q\" data-testid=\"text-html\" data-mrf-experience=\"IL_GBLs3HYWRq2RgU4Qz8MM1Q\">\n<div class=\"recommended-card__info\">El brote de mpox se ha ampliado recientemente en la Rep\u00fablica Democr\u00e1tica del Congo y zonas vecinas, lo que llev\u00f3 a la OMS a declarar una <b>emergencia de salud p\u00fablica de inter\u00e9s internacional (ESPII)<\/b>\u00a0el 14 de agosto. A diferencia del brote de 2022 que afect\u00f3 principalmente a hombres homosexuales y bisexuales con la cepa clado 2b y que fue controlado con \u00e9xito, el reciente brote involucra a la cepa clado 1b, considerada m\u00e1s contagiosa y m\u00e1s severa, de acuerdo con\u00a0<i>Reuters<\/i>.<\/div>\n<\/div>\n<div class=\"inline ad-wrapper\">\n<div class=\"dfpAd ad-inline\">\n<div class=\"AV61251e8df4a8777f10283dc0\">\n<div id=\"aniBox\">\n<div id=\"aniplayer_AV61251e8df4a8777f10283dc0-1724223919237\">\n<div id=\"anibid\"><\/div>\n<\/div>\n<\/div>\n<\/div>\n<\/div>\n<\/div>\n<p class=\"paragraph\" data-mrf-recirculation=\"Links inline\">Kluge, durante una conferencia de prensa en\u00a0<b>Ginebra<\/b>, subray\u00f3 que\u00a0<b>\u201cla mpox no es el nuevo COVID\u201d,<\/b>\u00a0y afirm\u00f3 que saben c\u00f3mo controlar el mpox gracias a la interacci\u00f3n directa con las comunidades m\u00e1s afectadas. Este control se ha logrado mediante una vigilancia robusta, investigaci\u00f3n de contactos y asesoramiento de salud p\u00fablica, seg\u00fan\u00a0<i>CBS News.<\/i>\u00a0<b>Hasta ahora, el riesgo del virus para la poblaci\u00f3n general sigue siendo bajo.<\/b><\/p>\n<p><img loading=\"lazy\" decoding=\"async\" class=\"size-medium wp-image-574\" src=\"https:\/\/www.elregional.cl\/wp-content\/uploads\/2024\/08\/VIRUELA-MONO-8-300x200.jpg\" alt=\"\" width=\"300\" height=\"200\" \/><\/p>\n","protected":false},"excerpt":{"rendered":"<p>La emergencia de salud p\u00fablica por mpox fue declarada el 14 de agosto despu\u00e9s del aumento de casos en la Rep\u00fablica Democr\u00e1tica del Congo (REUTERS\/Arlette Bashizi) La\u00a0Organizaci\u00f3n Mundial de la Salud (OMS)\u00a0enfatiz\u00f3 el martes que el brote de\u00a0mpox, anteriormente conocido como viruela del mono, no es comparable con la pandemia de COVID-19. Seg\u00fan\u00a0Hans Kluge, director &hellip;<\/p>\n","protected":false},"author":2,"featured_media":0,"comment_status":"closed","ping_status":"closed","sticky":false,"template":"","format":"standard","meta":{"footnotes":""},"categories":[4],"tags":[],"class_list":["post-570","post","type-post","status-publish","format-standard","hentry","category-mundo"],"_links":{"self":[{"href":"https:\/\/www.elregional.cl\/index.php?rest_route=\/wp\/v2\/posts\/570","targetHints":{"allow":["GET"]}}],"collection":[{"href":"https:\/\/www.elregional.cl\/index.php?rest_route=\/wp\/v2\/posts"}],"about":[{"href":"https:\/\/www.elregional.cl\/index.php?rest_route=\/wp\/v2\/types\/post"}],"author":[{"embeddable":true,"href":"https:\/\/www.elregional.cl\/index.php?rest_route=\/wp\/v2\/users\/2"}],"replies":[{"embeddable":true,"href":"https:\/\/www.elregional.cl\/index.php?rest_route=%2Fwp%2Fv2%2Fcomments&post=570"}],"version-history":[{"count":3,"href":"https:\/\/www.elregional.cl\/index.php?rest_route=\/wp\/v2\/posts\/570\/revisions"}],"predecessor-version":[{"id":577,"href":"https:\/\/www.elregional.cl\/index.php?rest_route=\/wp\/v2\/posts\/570\/revisions\/577"}],"wp:attachment":[{"href":"https:\/\/www.elregional.cl\/index.php?rest_route=%2Fwp%2Fv2%2Fmedia&parent=570"}],"wp:term":[{"taxonomy":"category","embeddable":true,"href":"https:\/\/www.elregional.cl\/index.php?rest_route=%2Fwp%2Fv2%2Fcategories&post=570"},{"taxonomy":"post_tag","embeddable":true,"href":"https:\/\/www.elregional.cl\/index.php?rest_route=%2Fwp%2Fv2%2Ftags&post=570"}],"curies":[{"name":"wp","href":"https:\/\/api.w.org\/{rel}","templated":true}]}}