{"id":5741,"date":"2025-05-08T22:14:09","date_gmt":"2025-05-08T22:14:09","guid":{"rendered":"https:\/\/www.elregional.cl\/?p=5741"},"modified":"2025-05-08T22:14:09","modified_gmt":"2025-05-08T22:14:09","slug":"el-betis-de-pellegrini-a-la-final-de-la-conference-league","status":"publish","type":"post","link":"https:\/\/www.elregional.cl\/?p=5741","title":{"rendered":"El Betis de Pellegrini a la final de la Conference League"},"content":{"rendered":"<p>En una jornada hist\u00f3rica para el entrenador chileno\u00a0<strong>Manuel Pellegrini<\/strong>,\u00a0<strong>Real Betis alcanz\u00f3 su primera final internacional<\/strong>\u00a0tras un 2-2 con Fiorentina en el Estadio \u00abArtemio Franchi\u00bb, consiguiendo el boleto a la gran definici\u00f3n de la UEFA Conference League con un<strong>\u00a0global de 4-3.<\/strong><\/p>\n<p>Con esta haza\u00f1a, el Ingeniero tambi\u00e9n disputar\u00e1 por segunda vez\u00a0<strong>una final continental<\/strong>\u00a0ante un Chelsea que viene de despachar con contundencia a Djurg\u00e5rden, con un contundente global de 5-1.<\/p>\n","protected":false},"excerpt":{"rendered":"<p>En una jornada hist\u00f3rica para el entrenador chileno\u00a0Manuel Pellegrini,\u00a0Real Betis alcanz\u00f3 su primera final internacional\u00a0tras un 2-2 con Fiorentina en el Estadio \u00abArtemio Franchi\u00bb, consiguiendo el boleto a la gran definici\u00f3n de la UEFA Conference League con un\u00a0global de 4-3. Con esta haza\u00f1a, el Ingeniero tambi\u00e9n disputar\u00e1 por segunda vez\u00a0una final continental\u00a0ante un Chelsea que &hellip;<\/p>\n","protected":false},"author":2,"featured_media":5742,"comment_status":"closed","ping_status":"closed","sticky":false,"template":"","format":"standard","meta":{"footnotes":""},"categories":[5],"tags":[],"class_list":["post-5741","post","type-post","status-publish","format-standard","has-post-thumbnail","hentry","category-deportes"],"_links":{"self":[{"href":"https:\/\/www.elregional.cl\/index.php?rest_route=\/wp\/v2\/posts\/5741","targetHints":{"allow":["GET"]}}],"collection":[{"href":"https:\/\/www.elregional.cl\/index.php?rest_route=\/wp\/v2\/posts"}],"about":[{"href":"https:\/\/www.elregional.cl\/index.php?rest_route=\/wp\/v2\/types\/post"}],"author":[{"embeddable":true,"href":"https:\/\/www.elregional.cl\/index.php?rest_route=\/wp\/v2\/users\/2"}],"replies":[{"embeddable":true,"href":"https:\/\/www.elregional.cl\/index.php?rest_route=%2Fwp%2Fv2%2Fcomments&post=5741"}],"version-history":[{"count":1,"href":"https:\/\/www.elregional.cl\/index.php?rest_route=\/wp\/v2\/posts\/5741\/revisions"}],"predecessor-version":[{"id":5743,"href":"https:\/\/www.elregional.cl\/index.php?rest_route=\/wp\/v2\/posts\/5741\/revisions\/5743"}],"wp:featuredmedia":[{"embeddable":true,"href":"https:\/\/www.elregional.cl\/index.php?rest_route=\/wp\/v2\/media\/5742"}],"wp:attachment":[{"href":"https:\/\/www.elregional.cl\/index.php?rest_route=%2Fwp%2Fv2%2Fmedia&parent=5741"}],"wp:term":[{"taxonomy":"category","embeddable":true,"href":"https:\/\/www.elregional.cl\/index.php?rest_route=%2Fwp%2Fv2%2Fcategories&post=5741"},{"taxonomy":"post_tag","embeddable":true,"href":"https:\/\/www.elregional.cl\/index.php?rest_route=%2Fwp%2Fv2%2Ftags&post=5741"}],"curies":[{"name":"wp","href":"https:\/\/api.w.org\/{rel}","templated":true}]}}