{"id":5847,"date":"2025-05-13T00:09:18","date_gmt":"2025-05-13T00:09:18","guid":{"rendered":"https:\/\/www.elregional.cl\/?p=5847"},"modified":"2025-05-13T00:09:18","modified_gmt":"2025-05-13T00:09:18","slug":"ejercito-debera-indemnizar-con-90-millones-a-exconscripto-tras-grave-accidente-durante-entrenamiento-militar-en-tongoy","status":"publish","type":"post","link":"https:\/\/www.elregional.cl\/?p=5847","title":{"rendered":"Ej\u00e9rcito deber\u00e1 indemnizar con $90 millones a exconscripto tras grave accidente durante\u00a0 entrenamiento militar en Tongoy"},"content":{"rendered":"<div class=\"td-post-header\">\n<header class=\"td-post-title\">\n<h1 class=\"entry-title\"><\/h1>\n<div class=\"td-module-meta-info\"><\/div>\n<\/header>\n<\/div>\n<div class=\"td-post-content\">\n<div class=\"td-post-sharing td-post-sharing-top\">\n<div class=\"td-default-sharing\"><i class=\"td-icon-facebook\"><\/i><em><strong>Davidnoticias.cl<\/strong><\/em><\/div>\n<div class=\"td-default-sharing\"><em><strong>Juez Karla Malebr\u00e1n determin\u00f3 que el Estado actu\u00f3 con \u201cfalta de servicio\u201d al no garantizar condiciones seguras en ejercicio donde joven sufri\u00f3 explosi\u00f3n que lo dej\u00f3 con secuelas permanentes.<\/strong><\/em><\/div>\n<\/div>\n<p class=\"ds-markdown-paragraph\">En un fallo que sienta un precedente sobre la responsabilidad del Estado en la seguridad de sus conscriptos, el\u00a0<strong>Primer Juzgado de Letras de La Serena<\/strong>\u00a0orden\u00f3 al Fisco pagar\u00a0<strong>$90 millones<\/strong>\u00a0como indemnizaci\u00f3n por\u00a0<strong>da\u00f1o moral<\/strong>\u00a0a un exconscripto que, a sus 18 a\u00f1os, sufri\u00f3 graves lesiones permanentes tras la explosi\u00f3n de un artefacto durante un entrenamiento militar en\u00a0<strong>Tongoy (Regi\u00f3n de Coquimbo)<\/strong>\u00a0en octubre de 2019.<\/p>\n<p class=\"ds-markdown-paragraph\">La magistrada\u00a0<strong>Karla Malebr\u00e1n Torres<\/strong>\u00a0sostuvo que el\u00a0<strong>Ej\u00e9rcito incurri\u00f3 en una \u201cfalta de servicio\u201d<\/strong>\u00a0al no supervisar las condiciones del terreno donde se realizaba la marcha nocturna, pese a contar con protocolos de seguridad. \u201cNo se tomaron los resguardos necesarios para evitar que el explosivo, cuyo origen no fue aclarado por la instituci\u00f3n, causara da\u00f1os\u201d, se\u00f1al\u00f3 el fallo.<\/p>\n<h6><strong>Un accidente que cambi\u00f3 una vida<\/strong><\/h6>\n<p class=\"ds-markdown-paragraph\">El joven, quien en ese momento cumpl\u00eda con el servicio militar obligatorio, qued\u00f3 con\u00a0<strong>secuelas f\u00edsicas y psicol\u00f3gicas permanentes<\/strong>, seg\u00fan consta en informes m\u00e9dicos y psiqui\u00e1tricos presentados en el juicio. Testigos relataron el impacto del accidente en su calidad de vida, lo que llev\u00f3 al tribunal a considerar \u201cel grav\u00edsimo pesar y dolor\u201d que arrastra.<\/p>\n<p class=\"ds-markdown-paragraph\">El Ej\u00e9rcito intent\u00f3 eximirse de responsabilidad argumentando que ning\u00fan miembro del batall\u00f3n manipul\u00f3 el explosivo, pero el juzgado rechaz\u00f3 esta defensa, destacando que\u00a0<strong>la omisi\u00f3n en la supervisi\u00f3n fue clave<\/strong>: \u201cEl Estado debe reparar el perjuicio, pues es imposible medir con exactitud el sufrimiento provocado\u201d, se\u00f1al\u00f3 la sentencia.<\/p>\n<h6><strong>Indemnizaci\u00f3n por da\u00f1o moral<\/strong><\/h6>\n<p class=\"ds-markdown-paragraph\">Aunque la v\u00edctima ya recib\u00eda una\u00a0<strong>pensi\u00f3n de retiro por inutilidad<\/strong>\u00a0(clasificada como \u201csegunda clase\u201d), el tribunal aclar\u00f3 que esto\u00a0<strong>no exime al Estado de compensar el da\u00f1o moral<\/strong>, especialmente por la juventud del afectado al momento del accidente.<\/p>\n<p class=\"ds-markdown-paragraph\">La demanda, interpuesta en agosto de 2023, tambi\u00e9n inclu\u00eda una petici\u00f3n por\u00a0<strong>da\u00f1o material<\/strong>, pero solo fue acogida la reparaci\u00f3n moral. \u201cEl monto refleja la gravedad de las lesiones y las consecuencias de por vida\u201d, explic\u00f3 la jueza Malebr\u00e1n tras notificar el fallo.<\/p>\n<h6><strong>Un llamado a reforzar protocolos<\/strong><\/h6>\n<p class=\"ds-markdown-paragraph\">El caso expone\u00a0<strong>falencias en los controles de seguridad durante entrenamientos castrenses<\/strong>\u00a0y podr\u00eda impulsar cambios para evitar futuros incidentes. Mientras el Fisco eval\u00faa apelar, el condenado y su familia esperan que la sentencia sirva para\u00a0<strong>visibilizar los riesgos que enfrentan los conscriptos<\/strong>.<\/p>\n<\/div>\n","protected":false},"excerpt":{"rendered":"<p>Davidnoticias.cl Juez Karla Malebr\u00e1n determin\u00f3 que el Estado actu\u00f3 con \u201cfalta de servicio\u201d al no garantizar condiciones seguras en ejercicio donde joven sufri\u00f3 explosi\u00f3n que lo dej\u00f3 con secuelas permanentes. En un fallo que sienta un precedente sobre la responsabilidad del Estado en la seguridad de sus conscriptos, el\u00a0Primer Juzgado de Letras de La Serena\u00a0orden\u00f3 &hellip;<\/p>\n","protected":false},"author":2,"featured_media":5848,"comment_status":"closed","ping_status":"closed","sticky":false,"template":"","format":"standard","meta":{"footnotes":""},"categories":[2],"tags":[],"class_list":["post-5847","post","type-post","status-publish","format-standard","has-post-thumbnail","hentry","category-regionales"],"_links":{"self":[{"href":"https:\/\/www.elregional.cl\/index.php?rest_route=\/wp\/v2\/posts\/5847","targetHints":{"allow":["GET"]}}],"collection":[{"href":"https:\/\/www.elregional.cl\/index.php?rest_route=\/wp\/v2\/posts"}],"about":[{"href":"https:\/\/www.elregional.cl\/index.php?rest_route=\/wp\/v2\/types\/post"}],"author":[{"embeddable":true,"href":"https:\/\/www.elregional.cl\/index.php?rest_route=\/wp\/v2\/users\/2"}],"replies":[{"embeddable":true,"href":"https:\/\/www.elregional.cl\/index.php?rest_route=%2Fwp%2Fv2%2Fcomments&post=5847"}],"version-history":[{"count":1,"href":"https:\/\/www.elregional.cl\/index.php?rest_route=\/wp\/v2\/posts\/5847\/revisions"}],"predecessor-version":[{"id":5849,"href":"https:\/\/www.elregional.cl\/index.php?rest_route=\/wp\/v2\/posts\/5847\/revisions\/5849"}],"wp:featuredmedia":[{"embeddable":true,"href":"https:\/\/www.elregional.cl\/index.php?rest_route=\/wp\/v2\/media\/5848"}],"wp:attachment":[{"href":"https:\/\/www.elregional.cl\/index.php?rest_route=%2Fwp%2Fv2%2Fmedia&parent=5847"}],"wp:term":[{"taxonomy":"category","embeddable":true,"href":"https:\/\/www.elregional.cl\/index.php?rest_route=%2Fwp%2Fv2%2Fcategories&post=5847"},{"taxonomy":"post_tag","embeddable":true,"href":"https:\/\/www.elregional.cl\/index.php?rest_route=%2Fwp%2Fv2%2Ftags&post=5847"}],"curies":[{"name":"wp","href":"https:\/\/api.w.org\/{rel}","templated":true}]}}