{"id":5864,"date":"2025-05-13T01:00:28","date_gmt":"2025-05-13T01:00:28","guid":{"rendered":"https:\/\/www.elregional.cl\/?p=5864"},"modified":"2025-05-13T01:00:28","modified_gmt":"2025-05-13T01:00:28","slug":"municipio-de-la-serena-cambia-flores-por-alarmas-de-seguridad-personal","status":"publish","type":"post","link":"https:\/\/www.elregional.cl\/?p=5864","title":{"rendered":"Municipio de La Serena cambia flores por alarmas de seguridad personal"},"content":{"rendered":"<div class=\"td_block_wrap tdb_title tdi_14 tdb-single-title td-pb-border-top td_block_template_1\" data-td-block-uid=\"tdi_14\">\n<div class=\"tdb-block-inner td-fix-index\">\n<h1 class=\"tdb-title-text\">Serenaycoquimbo.cl<\/h1>\n<\/div>\n<\/div>\n<div class=\"td_block_wrap tdb_single_post_views tdi_18 td-pb-border-top td_block_template_1 tdb-post-meta\" data-td-block-uid=\"tdi_18\">\n<div class=\"tdb-block-inner td-fix-index\"><\/div>\n<\/div>\n<div class=\"td_block_wrap tdb_single_content tdi_22 td-pb-border-top td_block_template_1 td-post-content tagdiv-type\" data-td-block-uid=\"tdi_22\">\n<div class=\"tdb-block-inner td-fix-index\">\n<p>Como parte de la estrategia de seguridad impulsada por el municipio, se realiz\u00f3 la actividad denominada \u201cMadres Seguras\u201d. Una jornada en la que se homenaje\u00f3 a las Madres y donde la alcaldesa de La Serena Daniela Norambuena cambi\u00f3 las flores por alarmas de seguridad personales.<\/p>\n<p>\u201c<em>Hoy regalamos seguridad. Queremos que cada mujer en La Serena se sienta tranquila, segura y acompa\u00f1ada. Esta herramienta preventiva es una forma concreta de decirles que no est\u00e1n solas, que su bienestar nos importa y que seguiremos trabajando por una ciudad m\u00e1s justa y protegida para todas<\/em>\u201d, destac\u00f3 la alcaldesa\u00a0<strong>Daniela Norambuena.<\/strong><\/p>\n<div class=\"code-block code-block-2\">\n<div id=\"300x250-A\"><\/div>\n<\/div>\n<p>En esta oportunidad se entregaron m\u00e1s de 200 alarmas personales con lo que suman 1500 entregadas este a\u00f1o. A\u00fan quedan otras 1500 por entregar en esta primera etapa. Las mujeres llegaron de los sectores Rural, Costa, Centro, Las Compa\u00f1\u00edas, La Antena y La Pampa. Esta acci\u00f3n forma parte de una estrategia integral que busca fortalecer la prevenci\u00f3n del delito y entregar herramientas concretas para el autocuidado.<\/p>\n<p>Las recomendaciones de seguridad llegaron de manos de Carabineros, el sargento primero\u00a0<strong>Solange Tapia Quila<\/strong>. \u201cEs importante que los vecinos y vecinas se comuniquen entre s\u00ed, por ejemplo, avisar si salen y la casa queda sola o avisar si est\u00e1n solos en sus casas. Con estas simples cosas ya se sentir\u00e1n m\u00e1s seguros\u201d, recomend\u00f3 la Sargento de Carabineros.<\/p>\n<p><strong>Mar\u00eda Sald\u00edvar<\/strong>, representante del sector La Pampa, valor\u00f3 la entrega de dispositivos como un gesto significativo hacia las mujeres de la comuna. \u201cFabulosa la iniciativa de nuestra alcaldesa. Estas alarmas nos dan un poquito m\u00e1s de seguridad, sobre todo cuando andamos solas por la calle. Se agradece este lindo detalle para todas las mujeres\u201d, expres\u00f3.<\/p>\n<div class=\"code-block code-block-3\">\n<div id=\"Inread\"><iframe loading=\"lazy\" id=\"Inread_iframe\" src=\"about:blank\" width=\"1\" height=\"1\" frameborder=\"0\" marginwidth=\"0\" marginheight=\"0\" scrolling=\"no\" data-gtm-yt-inspected-19=\"true\" data-mce-fragment=\"1\"><\/iframe><\/div>\n<\/div>\n<p>Por su parte,\u00a0<strong>Quirima Soto<\/strong>, vicepresidenta de la UCAM Rural y representante de 14 clubes rurales, destac\u00f3 el reconocimiento hacia las mujeres del sector. \u201cMe parece impecable esta iniciativa, porque muchas veces las mujeres rurales hemos sido olvidadas. Hoy se nos consider\u00f3 y eso se valora mucho\u201d, se\u00f1al\u00f3.<\/p>\n<p>Las entregas tambi\u00e9n se han realizado en otros contextos, como actividades con adultos mayores, estudiantes universitarios y organizaciones comunitarias, como por ejemplo en la Universidad Santo Tom\u00e1s, en el marco del \u201cPlan Estudia Seguro\u201d, ocasi\u00f3n en la que se entregaron 700 alarmas para estudiantes de jornada vespertina, de diversas casas de educaci\u00f3n superior.<\/p>\n<p>La iniciativa contempla nuevas entregas durante el a\u00f1o a otras organizaciones y comunidades de la comuna, con el objetivo de ampliar la cobertura y llegar a m\u00e1s mujeres que requieran apoyo ante situaciones de vulnerabilidad.<\/p>\n<\/div>\n<\/div>\n","protected":false},"excerpt":{"rendered":"<p>Serenaycoquimbo.cl Como parte de la estrategia de seguridad impulsada por el municipio, se realiz\u00f3 la actividad denominada \u201cMadres Seguras\u201d. Una jornada en la que se homenaje\u00f3 a las Madres y donde la alcaldesa de La Serena Daniela Norambuena cambi\u00f3 las flores por alarmas de seguridad personales. \u201cHoy regalamos seguridad. Queremos que cada mujer en La &hellip;<\/p>\n","protected":false},"author":2,"featured_media":5865,"comment_status":"closed","ping_status":"closed","sticky":false,"template":"","format":"standard","meta":{"footnotes":""},"categories":[2],"tags":[],"class_list":["post-5864","post","type-post","status-publish","format-standard","has-post-thumbnail","hentry","category-regionales"],"_links":{"self":[{"href":"https:\/\/www.elregional.cl\/index.php?rest_route=\/wp\/v2\/posts\/5864","targetHints":{"allow":["GET"]}}],"collection":[{"href":"https:\/\/www.elregional.cl\/index.php?rest_route=\/wp\/v2\/posts"}],"about":[{"href":"https:\/\/www.elregional.cl\/index.php?rest_route=\/wp\/v2\/types\/post"}],"author":[{"embeddable":true,"href":"https:\/\/www.elregional.cl\/index.php?rest_route=\/wp\/v2\/users\/2"}],"replies":[{"embeddable":true,"href":"https:\/\/www.elregional.cl\/index.php?rest_route=%2Fwp%2Fv2%2Fcomments&post=5864"}],"version-history":[{"count":1,"href":"https:\/\/www.elregional.cl\/index.php?rest_route=\/wp\/v2\/posts\/5864\/revisions"}],"predecessor-version":[{"id":5866,"href":"https:\/\/www.elregional.cl\/index.php?rest_route=\/wp\/v2\/posts\/5864\/revisions\/5866"}],"wp:featuredmedia":[{"embeddable":true,"href":"https:\/\/www.elregional.cl\/index.php?rest_route=\/wp\/v2\/media\/5865"}],"wp:attachment":[{"href":"https:\/\/www.elregional.cl\/index.php?rest_route=%2Fwp%2Fv2%2Fmedia&parent=5864"}],"wp:term":[{"taxonomy":"category","embeddable":true,"href":"https:\/\/www.elregional.cl\/index.php?rest_route=%2Fwp%2Fv2%2Fcategories&post=5864"},{"taxonomy":"post_tag","embeddable":true,"href":"https:\/\/www.elregional.cl\/index.php?rest_route=%2Fwp%2Fv2%2Ftags&post=5864"}],"curies":[{"name":"wp","href":"https:\/\/api.w.org\/{rel}","templated":true}]}}