{"id":5874,"date":"2025-05-13T01:14:09","date_gmt":"2025-05-13T01:14:09","guid":{"rendered":"https:\/\/www.elregional.cl\/?p=5874"},"modified":"2025-05-13T01:14:09","modified_gmt":"2025-05-13T01:14:09","slug":"nuevo-robo-de-cables-en-la-higuera-afecta-a-mas-de-2-500-clientes","status":"publish","type":"post","link":"https:\/\/www.elregional.cl\/?p=5874","title":{"rendered":"Nuevo robo de cables en La Higuera afecta a m\u00e1s de 2.500 Clientes"},"content":{"rendered":"<div class=\"td-post-header\">\n<header class=\"td-post-title\">\n<h1 class=\"entry-title\"><\/h1>\n<\/header>\n<\/div>\n<div class=\"td-post-content\">\n<div class=\"td-post-sharing-top\">\n<div id=\"td_social_sharing_article_top\" class=\"td-post-sharing td-ps-bg td-ps-notext td-post-sharing-style1 \">\n<div class=\"td-post-sharing-visible\">\n<div class=\"td-social-but-icon\"><\/div>\n<\/div>\n<\/div>\n<\/div>\n<div class=\"td-a-rec td-a-rec-id-content_inline_mob \"><\/div>\n<p>Laserenaonline.cl<\/p>\n<p>Durante la madrugada de este lunes 12 de mayo, se produjo un nuevo robo de cables en la comuna de <strong>La Higuera<\/strong>, afectando a m\u00e1s de\u00a0<strong>2.500 clientes<\/strong>\u00a0debido a la interrupci\u00f3n del suministro el\u00e9ctrico. En total, fueron\u00a0<strong>1.200 metros de cable de cobre<\/strong>\u00a0robados en el sector de la\u00a0<strong>Ruta 5 a la altura de Punta Colorada<\/strong>.<\/p>\n<p><span id=\"more-192915\"><\/span><\/p>\n<h2 class=\"wp-block-heading\"><strong>Acci\u00f3n de los Delincuentes<\/strong><\/h2>\n<p>La acci\u00f3n de los delincuentes tambi\u00e9n afect\u00f3 a las localidades de\u00a0<strong>Carrizalillo<\/strong>\u00a0y\u00a0<strong>Cha\u00f1aral de Aceituno<\/strong>.\u00a0<a title=\"\" href=\"https:\/\/www.cge.cl\/\" target=\"_blank\" rel=\"noopener nofollow\">CGE<\/a>\u00a0activ\u00f3 los protocolos relacionados con este tipo de situaciones, entregando los antecedentes del robo a las autoridades competentes para la investigaci\u00f3n de los hechos y destinando los recursos t\u00e9cnicos y profesionales para reparar la infraestructura da\u00f1ada o destruida por los delincuentes.<\/p>\n<h2 class=\"wp-block-heading\"><strong>Declaraciones de las Autoridades<\/strong><\/h2>\n<h3 class=\"wp-block-heading\"><strong>Oscar Jerez, Gerente Zonal CGE Coquimbo<\/strong><\/h3>\n<p>Oscar Jerez, gerente zonal de\u00a0<strong>CGE Coquimbo<\/strong>, se\u00f1al\u00f3:\u00a0<em>\u201cUna vez m\u00e1s, las familias de la comuna de La Higuera ven afectadas sus rutinas por un robo de cables. Pese a que en el \u00faltimo mes se vieron resultados en las investigaciones de estos delitos, estos se mantienen en la regi\u00f3n. Es necesario tomar medidas que mitiguen estos robos, robustecer las sanciones, para prevenir este tipo de afectaciones a los clientes de este sector\u201d<\/em>.<\/p>\n<h3 class=\"wp-block-heading\"><strong>Uberlinda Aquea, Alcaldesa de La Higuera<\/strong><\/h3>\n<p>La alcaldesa de\u00a0<strong>La Higuera<\/strong>,\u00a0<strong>Uberlinda Aquea<\/strong>, coment\u00f3:\u00a0<em>\u201cRecordar que cuando en la comuna de La Higuera se corta la luz, en este caso por robo de cable, tambi\u00e9n tuvimos problemas con los sistemas de Agua Potable Rural (APR), y eso es lamentable. He estado conversando el otro d\u00eda con el diputado Manoucheri sobre esta situaci\u00f3n y estamos pensando seriamente hacernos parte de la querella en contra de este tipo de robos que afectan a nuestra comunidad\u201d<\/em><\/p>\n<p>La edil a\u00f1adi\u00f3:\u00a0<em>\u201cEstamos averiguando toda acci\u00f3n que podamos hacer al respecto, porque de verdad que es muy lamentable para todos. Nos complica todo, tanto como para que nuestros colegios sigan funcionando, jardines infantiles, complica toda la din\u00e1mica de la comunidad. Sin hablar tambi\u00e9n de las comunicaciones, que tambi\u00e9n es tremendamente complejo\u201d<\/em><\/p>\n<\/div>\n","protected":false},"excerpt":{"rendered":"<p>Laserenaonline.cl Durante la madrugada de este lunes 12 de mayo, se produjo un nuevo robo de cables en la comuna de La Higuera, afectando a m\u00e1s de\u00a02.500 clientes\u00a0debido a la interrupci\u00f3n del suministro el\u00e9ctrico. En total, fueron\u00a01.200 metros de cable de cobre\u00a0robados en el sector de la\u00a0Ruta 5 a la altura de Punta Colorada. Acci\u00f3n &hellip;<\/p>\n","protected":false},"author":2,"featured_media":5875,"comment_status":"closed","ping_status":"closed","sticky":false,"template":"","format":"standard","meta":{"footnotes":""},"categories":[2],"tags":[],"class_list":["post-5874","post","type-post","status-publish","format-standard","has-post-thumbnail","hentry","category-regionales"],"_links":{"self":[{"href":"https:\/\/www.elregional.cl\/index.php?rest_route=\/wp\/v2\/posts\/5874","targetHints":{"allow":["GET"]}}],"collection":[{"href":"https:\/\/www.elregional.cl\/index.php?rest_route=\/wp\/v2\/posts"}],"about":[{"href":"https:\/\/www.elregional.cl\/index.php?rest_route=\/wp\/v2\/types\/post"}],"author":[{"embeddable":true,"href":"https:\/\/www.elregional.cl\/index.php?rest_route=\/wp\/v2\/users\/2"}],"replies":[{"embeddable":true,"href":"https:\/\/www.elregional.cl\/index.php?rest_route=%2Fwp%2Fv2%2Fcomments&post=5874"}],"version-history":[{"count":1,"href":"https:\/\/www.elregional.cl\/index.php?rest_route=\/wp\/v2\/posts\/5874\/revisions"}],"predecessor-version":[{"id":5876,"href":"https:\/\/www.elregional.cl\/index.php?rest_route=\/wp\/v2\/posts\/5874\/revisions\/5876"}],"wp:featuredmedia":[{"embeddable":true,"href":"https:\/\/www.elregional.cl\/index.php?rest_route=\/wp\/v2\/media\/5875"}],"wp:attachment":[{"href":"https:\/\/www.elregional.cl\/index.php?rest_route=%2Fwp%2Fv2%2Fmedia&parent=5874"}],"wp:term":[{"taxonomy":"category","embeddable":true,"href":"https:\/\/www.elregional.cl\/index.php?rest_route=%2Fwp%2Fv2%2Fcategories&post=5874"},{"taxonomy":"post_tag","embeddable":true,"href":"https:\/\/www.elregional.cl\/index.php?rest_route=%2Fwp%2Fv2%2Ftags&post=5874"}],"curies":[{"name":"wp","href":"https:\/\/api.w.org\/{rel}","templated":true}]}}