{"id":5898,"date":"2025-05-13T02:57:05","date_gmt":"2025-05-13T02:57:05","guid":{"rendered":"https:\/\/www.elregional.cl\/?p=5898"},"modified":"2025-05-13T02:57:05","modified_gmt":"2025-05-13T02:57:05","slug":"delincuentes-nuevamente-roban-en-centrica-galeria-de-coquimbo","status":"publish","type":"post","link":"https:\/\/www.elregional.cl\/?p=5898","title":{"rendered":"Delincuentes nuevamente roban en c\u00e9ntrica galer\u00eda de Coquimbo"},"content":{"rendered":"<p>Hace una semana los locatarios de la galer\u00eda comercial F\u00e9nix ubicada en la intersecci\u00f3n de calles Aldunate y Portales en el sector El Empalme de Coquimbo, denunciaban a los medios de prensa locales, los robos y hurtos de los cuales son v\u00edctimas a diario por partes de delincuentes y sujetos en situaci\u00f3n de calle a pleno d\u00eda sin que Seguridad Ciudadana o Carabineros hayan podido aprehender a los autores de \u00e9stos delitos que est\u00e1n plenamente identificados por las c\u00e1maras de seguridad que mantienen estos comerciantes en sus locales.<\/p>\n<p>Durante las primeras horas de este lunes delincuentes volvieron a ingresar a un local de venta de art\u00edculos el\u00e9ctricos y de telefon\u00eda celular y m\u00e1s que llevarse la tradicional mercader\u00eda del rubro, estos antisociales se llevaron dinero en efectivo qu\u00e9 estaba destinado para el pago de stock para la tienda y por concepto de arriendo de su local.<\/p>\n<p>Desgraciadamente a estos comerciantes al parecer \u00abnadie\u00bb les d\u00e1 soluci\u00f3n a pesar que realizan las denuncias respectivas cu\u00e1ndo son v\u00edctimas de los reiterados l\u00edcitos que los afectan<\/p>\n<p>&nbsp;<\/p>\n","protected":false},"excerpt":{"rendered":"<p>Hace una semana los locatarios de la galer\u00eda comercial F\u00e9nix ubicada en la intersecci\u00f3n de calles Aldunate y Portales en el sector El Empalme de Coquimbo, denunciaban a los medios de prensa locales, los robos y hurtos de los cuales son v\u00edctimas a diario por partes de delincuentes y sujetos en situaci\u00f3n de calle a &hellip;<\/p>\n","protected":false},"author":2,"featured_media":5899,"comment_status":"closed","ping_status":"closed","sticky":false,"template":"","format":"standard","meta":{"footnotes":""},"categories":[2],"tags":[],"class_list":["post-5898","post","type-post","status-publish","format-standard","has-post-thumbnail","hentry","category-regionales"],"_links":{"self":[{"href":"https:\/\/www.elregional.cl\/index.php?rest_route=\/wp\/v2\/posts\/5898","targetHints":{"allow":["GET"]}}],"collection":[{"href":"https:\/\/www.elregional.cl\/index.php?rest_route=\/wp\/v2\/posts"}],"about":[{"href":"https:\/\/www.elregional.cl\/index.php?rest_route=\/wp\/v2\/types\/post"}],"author":[{"embeddable":true,"href":"https:\/\/www.elregional.cl\/index.php?rest_route=\/wp\/v2\/users\/2"}],"replies":[{"embeddable":true,"href":"https:\/\/www.elregional.cl\/index.php?rest_route=%2Fwp%2Fv2%2Fcomments&post=5898"}],"version-history":[{"count":1,"href":"https:\/\/www.elregional.cl\/index.php?rest_route=\/wp\/v2\/posts\/5898\/revisions"}],"predecessor-version":[{"id":5900,"href":"https:\/\/www.elregional.cl\/index.php?rest_route=\/wp\/v2\/posts\/5898\/revisions\/5900"}],"wp:featuredmedia":[{"embeddable":true,"href":"https:\/\/www.elregional.cl\/index.php?rest_route=\/wp\/v2\/media\/5899"}],"wp:attachment":[{"href":"https:\/\/www.elregional.cl\/index.php?rest_route=%2Fwp%2Fv2%2Fmedia&parent=5898"}],"wp:term":[{"taxonomy":"category","embeddable":true,"href":"https:\/\/www.elregional.cl\/index.php?rest_route=%2Fwp%2Fv2%2Fcategories&post=5898"},{"taxonomy":"post_tag","embeddable":true,"href":"https:\/\/www.elregional.cl\/index.php?rest_route=%2Fwp%2Fv2%2Ftags&post=5898"}],"curies":[{"name":"wp","href":"https:\/\/api.w.org\/{rel}","templated":true}]}}