{"id":5926,"date":"2025-05-15T03:45:26","date_gmt":"2025-05-15T03:45:26","guid":{"rendered":"https:\/\/www.elregional.cl\/?p=5926"},"modified":"2025-05-15T03:45:26","modified_gmt":"2025-05-15T03:45:26","slug":"tres-personas-resultan-lesionadas-tras-choque-vehicular-en-sector-nague-los-vilos","status":"publish","type":"post","link":"https:\/\/www.elregional.cl\/?p=5926","title":{"rendered":"Tres personas resultan lesionadas tras choque vehicular en sector \u00d1ague, Los Vilos"},"content":{"rendered":"<div class=\"td-post-header\">\n<header class=\"td-post-title\">\n<div class=\"td-module-meta-info\"><\/div>\n<\/header>\n<\/div>\n<div class=\"td-post-content\">\n<div class=\"td-post-sharing td-post-sharing-top\">\n<div class=\"td-default-sharing\"><i class=\"td-icon-facebook\"><\/i>\u00a0<i class=\"td-icon-twitter\"><\/i>\u00a0<i class=\"td-icon-googleplus\"><\/i>\u00a0<i class=\"td-icon-pinterest\"><\/i>\u00a0<i class=\"td-icon-whatsapp\"><\/i><\/div>\n<\/div>\n<p><em><strong>DavidNoticias.cl <\/strong><\/em><\/p>\n<p><em><strong>accidente de tr\u00e1nsito se registr\u00f3 esta noche a las 20:00 horas en el sector \u00d1ague, cuando un veh\u00edculo menor impact\u00f3 contra una barrera de contenci\u00f3n, dejando a tres personas lesionadas.<\/strong><\/em><\/p>\n<p>Seg\u00fan inform\u00f3 el comandante del Cuerpo de Bomberos de Los Vilos, Emilio Alca\u00edno, la Central de Alarmas recibi\u00f3 el llamado de emergencia, despachando de inmediato la unidad de rescate de la Primera Compa\u00f1\u00eda al lugar del accidente.<\/p>\n<p>Al arribar, los voluntarios prestaron los primeros auxilios a los tres ocupantes del veh\u00edculo, quienes posteriormente fueron trasladados al Hospital de Los Vilos con apoyo del personal de la autopista.<\/p>\n<p>Carabineros de Los Vilos tambi\u00e9n se hicieron presentes en el sitio del suceso para asegurar el per\u00edmetro y comenzar las diligencias correspondientes que permitan esclarecer las causas del accidente.<\/p>\n<\/div>\n","protected":false},"excerpt":{"rendered":"<p>\u00a0\u00a0\u00a0\u00a0 DavidNoticias.cl accidente de tr\u00e1nsito se registr\u00f3 esta noche a las 20:00 horas en el sector \u00d1ague, cuando un veh\u00edculo menor impact\u00f3 contra una barrera de contenci\u00f3n, dejando a tres personas lesionadas. Seg\u00fan inform\u00f3 el comandante del Cuerpo de Bomberos de Los Vilos, Emilio Alca\u00edno, la Central de Alarmas recibi\u00f3 el llamado de emergencia, despachando &hellip;<\/p>\n","protected":false},"author":2,"featured_media":5927,"comment_status":"closed","ping_status":"closed","sticky":false,"template":"","format":"standard","meta":{"footnotes":""},"categories":[2],"tags":[],"class_list":["post-5926","post","type-post","status-publish","format-standard","has-post-thumbnail","hentry","category-regionales"],"_links":{"self":[{"href":"https:\/\/www.elregional.cl\/index.php?rest_route=\/wp\/v2\/posts\/5926","targetHints":{"allow":["GET"]}}],"collection":[{"href":"https:\/\/www.elregional.cl\/index.php?rest_route=\/wp\/v2\/posts"}],"about":[{"href":"https:\/\/www.elregional.cl\/index.php?rest_route=\/wp\/v2\/types\/post"}],"author":[{"embeddable":true,"href":"https:\/\/www.elregional.cl\/index.php?rest_route=\/wp\/v2\/users\/2"}],"replies":[{"embeddable":true,"href":"https:\/\/www.elregional.cl\/index.php?rest_route=%2Fwp%2Fv2%2Fcomments&post=5926"}],"version-history":[{"count":1,"href":"https:\/\/www.elregional.cl\/index.php?rest_route=\/wp\/v2\/posts\/5926\/revisions"}],"predecessor-version":[{"id":5928,"href":"https:\/\/www.elregional.cl\/index.php?rest_route=\/wp\/v2\/posts\/5926\/revisions\/5928"}],"wp:featuredmedia":[{"embeddable":true,"href":"https:\/\/www.elregional.cl\/index.php?rest_route=\/wp\/v2\/media\/5927"}],"wp:attachment":[{"href":"https:\/\/www.elregional.cl\/index.php?rest_route=%2Fwp%2Fv2%2Fmedia&parent=5926"}],"wp:term":[{"taxonomy":"category","embeddable":true,"href":"https:\/\/www.elregional.cl\/index.php?rest_route=%2Fwp%2Fv2%2Fcategories&post=5926"},{"taxonomy":"post_tag","embeddable":true,"href":"https:\/\/www.elregional.cl\/index.php?rest_route=%2Fwp%2Fv2%2Ftags&post=5926"}],"curies":[{"name":"wp","href":"https:\/\/api.w.org\/{rel}","templated":true}]}}