{"id":5982,"date":"2025-05-15T07:06:31","date_gmt":"2025-05-15T07:06:31","guid":{"rendered":"https:\/\/www.elregional.cl\/?p=5982"},"modified":"2025-05-15T07:06:31","modified_gmt":"2025-05-15T07:06:31","slug":"detienen-e-internan-a-acosador-de-4-esquinas-en-la-comuna-de-la-serena","status":"publish","type":"post","link":"https:\/\/www.elregional.cl\/?p=5982","title":{"rendered":"Detienen e internan a acosador de 4 esquinas en la comuna de La Serena"},"content":{"rendered":"<p>La ma\u00f1ana de este mi\u00e9rcoles, inspectores municipales motorizados ubicaron al acosador de Cuatro de Cuatro Esquinas, en el marco de patrullajes preventivos por denuncias sobre este sujeto y atendiendo adem\u00e1s la solicitud de la directora de un jard\u00edn infantil del sector, quien se\u00f1al\u00f3 que este individuo acosaba y amenazaba todas las ma\u00f1anas a las profesoras y apoderados.<\/p>\n<p>\u00abDebido a la condici\u00f3n mental de este sujeto, no pudo quedar en prisi\u00f3n preventiva por las denuncias de acoso que hicieron hace algunas semanas mujeres de ese sector. Hoy pudimos coordinar con SAMU que esta persona fuera trasladada al hospital de Coquimbo, donde ser\u00e1 internado y tratado por su condici\u00f3n, lo que brinda mayor tranquilidad a los vecinos del sector de Cuatro Esquinas\u00bb, afirm\u00f3 la alcaldesa de La Serena, Daniela Norambuena.<\/p>\n<div class=\"code-block code-block-2\">\n<div id=\"300x250-A\"><\/div>\n<\/div>\n<p>Los inspectores municipales motorizados efectuaban rondas preventivas por el sector, logrando divisar al sujeto cerca de su domicilio, donde se convers\u00f3 con su familia, los que accedieron a gestionar la internaci\u00f3n. De inmediato se contact\u00f3 con personal SAMU, quienes estabilizaron al individuo y lo trasladaron al recinto de salud antes mencionado.<\/p>\n<p>Los vecinos y la comunidad del jard\u00edn infantil agradecieron la gesti\u00f3n de seguridad al personal municipal y manifestaron su conformidad con el hecho, esperando que no vuelva a las calles.<\/p>\n","protected":false},"excerpt":{"rendered":"<p>La ma\u00f1ana de este mi\u00e9rcoles, inspectores municipales motorizados ubicaron al acosador de Cuatro de Cuatro Esquinas, en el marco de patrullajes preventivos por denuncias sobre este sujeto y atendiendo adem\u00e1s la solicitud de la directora de un jard\u00edn infantil del sector, quien se\u00f1al\u00f3 que este individuo acosaba y amenazaba todas las ma\u00f1anas a las profesoras &hellip;<\/p>\n","protected":false},"author":2,"featured_media":5983,"comment_status":"closed","ping_status":"closed","sticky":false,"template":"","format":"standard","meta":{"footnotes":""},"categories":[2],"tags":[],"class_list":["post-5982","post","type-post","status-publish","format-standard","has-post-thumbnail","hentry","category-regionales"],"_links":{"self":[{"href":"https:\/\/www.elregional.cl\/index.php?rest_route=\/wp\/v2\/posts\/5982","targetHints":{"allow":["GET"]}}],"collection":[{"href":"https:\/\/www.elregional.cl\/index.php?rest_route=\/wp\/v2\/posts"}],"about":[{"href":"https:\/\/www.elregional.cl\/index.php?rest_route=\/wp\/v2\/types\/post"}],"author":[{"embeddable":true,"href":"https:\/\/www.elregional.cl\/index.php?rest_route=\/wp\/v2\/users\/2"}],"replies":[{"embeddable":true,"href":"https:\/\/www.elregional.cl\/index.php?rest_route=%2Fwp%2Fv2%2Fcomments&post=5982"}],"version-history":[{"count":1,"href":"https:\/\/www.elregional.cl\/index.php?rest_route=\/wp\/v2\/posts\/5982\/revisions"}],"predecessor-version":[{"id":5984,"href":"https:\/\/www.elregional.cl\/index.php?rest_route=\/wp\/v2\/posts\/5982\/revisions\/5984"}],"wp:featuredmedia":[{"embeddable":true,"href":"https:\/\/www.elregional.cl\/index.php?rest_route=\/wp\/v2\/media\/5983"}],"wp:attachment":[{"href":"https:\/\/www.elregional.cl\/index.php?rest_route=%2Fwp%2Fv2%2Fmedia&parent=5982"}],"wp:term":[{"taxonomy":"category","embeddable":true,"href":"https:\/\/www.elregional.cl\/index.php?rest_route=%2Fwp%2Fv2%2Fcategories&post=5982"},{"taxonomy":"post_tag","embeddable":true,"href":"https:\/\/www.elregional.cl\/index.php?rest_route=%2Fwp%2Fv2%2Ftags&post=5982"}],"curies":[{"name":"wp","href":"https:\/\/api.w.org\/{rel}","templated":true}]}}