{"id":6060,"date":"2025-05-18T12:16:38","date_gmt":"2025-05-18T12:16:38","guid":{"rendered":"https:\/\/www.elregional.cl\/?p=6060"},"modified":"2025-05-18T12:16:38","modified_gmt":"2025-05-18T12:16:38","slug":"region-de-coquimbo-enfrenta-sexto-ano-consecutivo-de-caudales-bajos-segun-el-promedio-climatico","status":"publish","type":"post","link":"https:\/\/www.elregional.cl\/?p=6060","title":{"rendered":"Regi\u00f3n de Coquimbo enfrenta sexto a\u00f1o consecutivo de caudales bajos seg\u00fan el promedio clim\u00e1tico"},"content":{"rendered":"<div id=\"content\" class=\"site-content container\">\n<div id=\"main-content-row\" class=\"tie-row main-content-row\">\n<div class=\"main-content tie-col-md-8 tie-col-xs-12\" role=\"main\">\n<article id=\"the-post\" class=\"container-wrapper post-content tie-standard\">\n<div class=\"featured-area\">\n<div class=\"featured-area-inner\">\n<figure class=\"single-featured-image\">Elquiglobal.cl<\/figure>\n<\/div>\n<\/div>\n<div class=\"entry-content entry clearfix\">\n<p><em><strong>El Bolet\u00edn Clim\u00e1tico de CEAZA, que analiza mensualmente los \u00faltimos datos hidrometeorol\u00f3gicos de la zona, se\u00f1ala que la regi\u00f3n atraviesa un escenario cada vez m\u00e1s complejo, marcado por precipitaciones bajo lo normal que se repiten a lo largo del tiempo. Esta condici\u00f3n ha provocado que los caudales de los r\u00edos permanezcan bajos por sexto a\u00f1o consecutivo.<\/strong><\/em><\/p>\n<p>\u201cEn las 3 cuencas la \u00faltima vez que los valores estuvieron sobre los promedios hist\u00f3ricos fueron en julio de 2018. Ya estamos en 2025, y a excepci\u00f3n de Choapa que estuvo un mes sobre el promedio,<strong>\u00a0desde 2018 se han mantenido los caudales bajo el promedio climatol\u00f3gico<\/strong>\u201d, explica el coordinador del \u00e1rea de meteorolog\u00eda de CEAZA, Cristian Orrego.<\/p>\n<p>En este sentido, la temporada actual iniciada en abril presenta<strong>\u00a0un 52% de los\u00a0 caudales hist\u00f3ricos en Elqui, 82% en Limar\u00ed y 75% en Choapa.\u00a0<\/strong>De acuerdo al bolet\u00edn, esta situaci\u00f3n ha conllevado a una constante disminuci\u00f3n en los niveles de agua embalsados durante los \u00faltimos a\u00f1os que se ha revertido en parte solo en Choapa durante los \u00faltimos meses.<\/p>\n<p>Por otro lado,\u00a0<strong>los embalses a nivel regional se mantienen en un 16% del total de su capacidad<\/strong>. \u201cEl agua embalsada en Elqui es de un 19% con respecto a su capacidad, en Limar\u00ed de un 10% y en Choapa de un 79%. Se mantuvieron similares a marzo en la mayor\u00eda de ellos\u201d, indica el an\u00e1lisis del \u00e1rea de meteorolog\u00eda de CEAZA.<\/p>\n<p>En cuanto a las precipitaciones, durante mayo, junio y julio de este a\u00f1o, se espera que contin\u00faen por debajo del rango normal para la estaci\u00f3n. Esto se traduce en que la llegada de sistemas frontales no ser\u00eda frecuente sino hasta posterior a oto\u00f1o.<\/p>\n<p>Sin embargo, desde el \u00e1rea de meteorolog\u00eda de CEAZA hacen hincapi\u00e9 en el pron\u00f3stico para la\u00a0<strong>temperatura del aire sobre el Pac\u00edfico suroriental<\/strong>, que estar\u00eda dentro o por sobre el rango normal para la \u00e9poca del a\u00f1o.<\/p>\n<p>El Dr. Cristian Mu\u00f1oz, modelador estad\u00edstico de CEAZA, explica que \u201cesto podr\u00eda asociarse a una tasa de evaporaci\u00f3n mayor, lo que traer\u00eda como consecuencia que exista una<strong>\u00a0mayor cantidad de vapor de agua que podr\u00eda ser arrastrada hacia el continente con la llegada de sistemas frontales,\u00a0<\/strong>lo que intensificar\u00eda los episodios de precipitaci\u00f3n respecto a temporadas desarrolladas bajo La Ni\u00f1a\u201d.<\/p>\n<p>Adem\u00e1s, la cobertura nival en las tres provincias es pr\u00e1cticamente nula, lo que es esperable en esta \u00e9poca del a\u00f1o, pero no deja de ser un factor adicional en la falta de reservas h\u00eddricas.<\/p>\n<p><strong>Ciclo El Ni\u00f1o Oscilaci\u00f3n del Sur (ENOS)<\/strong><\/p>\n<p>Los modelos clim\u00e1ticos indican que continuar\u00e1 la fase Neutra del ciclo El Ni\u00f1o-Oscilaci\u00f3n del Sur (ENOS) durante el invierno y probablemente hasta primavera. Esta condici\u00f3n aumenta la incertidumbre sobre posibles lluvias.<\/p>\n<p>El Bolet\u00edn Clim\u00e1tico de CEAZA se\u00f1ala que \u201cla ocurrencia de una fase Neutra y su persistencia hasta primavera est\u00e1 ligada a incertidumbre en la precipitaci\u00f3n. No obstante,\u00a0<strong>los modelos sugieren precipitaci\u00f3n bajo el rango normal para este trimestre<\/strong>\u201d.<\/p>\n<p>Dado el car\u00e1cter prolongado, extenso y profundo de esta crisis, desde CEAZA se plantea la necesidad de dejar atr\u00e1s el t\u00e9rmino \u201csequ\u00eda\u201d, y comenzar a hablar de \u201c<strong>desertificaci\u00f3n<\/strong>\u201d en la Regi\u00f3n de Coquimbo.<\/p>\n<\/div>\n<\/article>\n<\/div>\n<\/div>\n<\/div>\n","protected":false},"excerpt":{"rendered":"<p>Elquiglobal.cl El Bolet\u00edn Clim\u00e1tico de CEAZA, que analiza mensualmente los \u00faltimos datos hidrometeorol\u00f3gicos de la zona, se\u00f1ala que la regi\u00f3n atraviesa un escenario cada vez m\u00e1s complejo, marcado por precipitaciones bajo lo normal que se repiten a lo largo del tiempo. Esta condici\u00f3n ha provocado que los caudales de los r\u00edos permanezcan bajos por sexto &hellip;<\/p>\n","protected":false},"author":2,"featured_media":6061,"comment_status":"closed","ping_status":"closed","sticky":false,"template":"","format":"standard","meta":{"footnotes":""},"categories":[2],"tags":[],"class_list":["post-6060","post","type-post","status-publish","format-standard","has-post-thumbnail","hentry","category-regionales"],"_links":{"self":[{"href":"https:\/\/www.elregional.cl\/index.php?rest_route=\/wp\/v2\/posts\/6060","targetHints":{"allow":["GET"]}}],"collection":[{"href":"https:\/\/www.elregional.cl\/index.php?rest_route=\/wp\/v2\/posts"}],"about":[{"href":"https:\/\/www.elregional.cl\/index.php?rest_route=\/wp\/v2\/types\/post"}],"author":[{"embeddable":true,"href":"https:\/\/www.elregional.cl\/index.php?rest_route=\/wp\/v2\/users\/2"}],"replies":[{"embeddable":true,"href":"https:\/\/www.elregional.cl\/index.php?rest_route=%2Fwp%2Fv2%2Fcomments&post=6060"}],"version-history":[{"count":1,"href":"https:\/\/www.elregional.cl\/index.php?rest_route=\/wp\/v2\/posts\/6060\/revisions"}],"predecessor-version":[{"id":6062,"href":"https:\/\/www.elregional.cl\/index.php?rest_route=\/wp\/v2\/posts\/6060\/revisions\/6062"}],"wp:featuredmedia":[{"embeddable":true,"href":"https:\/\/www.elregional.cl\/index.php?rest_route=\/wp\/v2\/media\/6061"}],"wp:attachment":[{"href":"https:\/\/www.elregional.cl\/index.php?rest_route=%2Fwp%2Fv2%2Fmedia&parent=6060"}],"wp:term":[{"taxonomy":"category","embeddable":true,"href":"https:\/\/www.elregional.cl\/index.php?rest_route=%2Fwp%2Fv2%2Fcategories&post=6060"},{"taxonomy":"post_tag","embeddable":true,"href":"https:\/\/www.elregional.cl\/index.php?rest_route=%2Fwp%2Fv2%2Ftags&post=6060"}],"curies":[{"name":"wp","href":"https:\/\/api.w.org\/{rel}","templated":true}]}}