{"id":6128,"date":"2025-05-18T22:24:48","date_gmt":"2025-05-18T22:24:48","guid":{"rendered":"https:\/\/www.elregional.cl\/?p=6128"},"modified":"2025-05-18T22:24:48","modified_gmt":"2025-05-18T22:24:48","slug":"colegio-san-luis-de-coquimbo-celebro-a-pleno-dia-de-la-familia","status":"publish","type":"post","link":"https:\/\/www.elregional.cl\/?p=6128","title":{"rendered":"Colegio San Luis de Coquimbo celebr\u00f3 a pleno \u00bb D\u00eda de la Familia\u00bb"},"content":{"rendered":"<p>Durante toda la jornada de este s\u00e1bado 17 de mayo apoderados, alumnos y docentes del colegio San Luis ubicado en el barrio El Llano de Coquimbo se dieron cita en el establecimiento para celebrar el D\u00cdA DE LA FAMILIA.<\/p>\n<p><img loading=\"lazy\" decoding=\"async\" class=\"alignnone size-medium wp-image-6129\" src=\"https:\/\/www.elregional.cl\/wp-content\/uploads\/2025\/05\/IMG-20250517-WA0012-300x245.jpg\" alt=\"\" width=\"300\" height=\"245\" srcset=\"https:\/\/www.elregional.cl\/wp-content\/uploads\/2025\/05\/IMG-20250517-WA0012-300x245.jpg 300w, https:\/\/www.elregional.cl\/wp-content\/uploads\/2025\/05\/IMG-20250517-WA0012-768x628.jpg 768w, https:\/\/www.elregional.cl\/wp-content\/uploads\/2025\/05\/IMG-20250517-WA0012.jpg 865w\" sizes=\"auto, (max-width: 300px) 100vw, 300px\" \/><\/p>\n<p>En la ocasi\u00f3n su Directora, Pamela Arancibia se\u00f1al\u00f3 que a\u00f1o a a\u00f1o se abren las puertas del colegio para vivir en conjunto una jornada de reflexi\u00f3n y l\u00fadica en torno a la conmemoraci\u00f3n del vital concepto que es la familia.<\/p>\n<p><img loading=\"lazy\" decoding=\"async\" class=\"alignnone size-medium wp-image-6130\" src=\"https:\/\/www.elregional.cl\/wp-content\/uploads\/2025\/05\/IMG-20250517-WA0019-300x180.jpg\" alt=\"\" width=\"300\" height=\"180\" srcset=\"https:\/\/www.elregional.cl\/wp-content\/uploads\/2025\/05\/IMG-20250517-WA0019-300x180.jpg 300w, https:\/\/www.elregional.cl\/wp-content\/uploads\/2025\/05\/IMG-20250517-WA0019-768x460.jpg 768w, https:\/\/www.elregional.cl\/wp-content\/uploads\/2025\/05\/IMG-20250517-WA0019-780x470.jpg 780w, https:\/\/www.elregional.cl\/wp-content\/uploads\/2025\/05\/IMG-20250517-WA0019.jpg 980w\" sizes=\"auto, (max-width: 300px) 100vw, 300px\" \/><\/p>\n<p>Desde las primeras horas llegaron en familia los integrantes de la comunidad del San Luis en donde fueron recibidos con caf\u00e9, s\u00e1ndwich y galletas para mitigar una \u00abfr\u00eda ma\u00f1ana<\/p>\n<p>En el establecimiento se organizaron charlas, exposiciones, juegos e instalaciones de stand con motivo de congregar a toda la familia.<\/p>\n<p><img loading=\"lazy\" decoding=\"async\" class=\"alignnone size-medium wp-image-6131\" src=\"https:\/\/www.elregional.cl\/wp-content\/uploads\/2025\/05\/IMG-20250517-WA0021-300x188.jpg\" alt=\"\" width=\"300\" height=\"188\" srcset=\"https:\/\/www.elregional.cl\/wp-content\/uploads\/2025\/05\/IMG-20250517-WA0021-300x188.jpg 300w, https:\/\/www.elregional.cl\/wp-content\/uploads\/2025\/05\/IMG-20250517-WA0021-1024x642.jpg 1024w, https:\/\/www.elregional.cl\/wp-content\/uploads\/2025\/05\/IMG-20250517-WA0021-768x481.jpg 768w, https:\/\/www.elregional.cl\/wp-content\/uploads\/2025\/05\/IMG-20250517-WA0021.jpg 1071w\" sizes=\"auto, (max-width: 300px) 100vw, 300px\" \/><\/p>\n<p>Por su parte la profesora \u00bb Carolina\u00bb expuso un interesante concepto de arte experimental, se\u00f1alando que se trata de una disciplina art\u00edstica que trabaja con simbolismo, expresados en colores vivos y saturados, lo que abre los sentidos de los alumnos para llevarlos a cabo en pinturas y fotograf\u00edas que posteriormente son expuestas en los salones del establecimiento.<\/p>\n<p><img loading=\"lazy\" decoding=\"async\" class=\"alignnone size-medium wp-image-6132\" src=\"https:\/\/www.elregional.cl\/wp-content\/uploads\/2025\/05\/IMG-20250517-WA0020-300x169.jpg\" alt=\"\" width=\"300\" height=\"169\" srcset=\"https:\/\/www.elregional.cl\/wp-content\/uploads\/2025\/05\/IMG-20250517-WA0020-300x169.jpg 300w, https:\/\/www.elregional.cl\/wp-content\/uploads\/2025\/05\/IMG-20250517-WA0020-1024x576.jpg 1024w, https:\/\/www.elregional.cl\/wp-content\/uploads\/2025\/05\/IMG-20250517-WA0020-768x432.jpg 768w, https:\/\/www.elregional.cl\/wp-content\/uploads\/2025\/05\/IMG-20250517-WA0020-390x220.jpg 390w, https:\/\/www.elregional.cl\/wp-content\/uploads\/2025\/05\/IMG-20250517-WA0020.jpg 1280w\" sizes=\"auto, (max-width: 300px) 100vw, 300px\" \/><\/p>\n<p>Los apoderados se mostraron agradecidos de estas instancias que permiten aunar criterios, voluntades y una mejor convivencia entre ellos, los alumnos y docentes.<\/p>\n<p><img loading=\"lazy\" decoding=\"async\" class=\"alignnone size-medium wp-image-6133\" src=\"https:\/\/www.elregional.cl\/wp-content\/uploads\/2025\/05\/Frontis-San-Luis-1-Large-300x211.jpg\" alt=\"\" width=\"300\" height=\"211\" srcset=\"https:\/\/www.elregional.cl\/wp-content\/uploads\/2025\/05\/Frontis-San-Luis-1-Large-300x211.jpg 300w, https:\/\/www.elregional.cl\/wp-content\/uploads\/2025\/05\/Frontis-San-Luis-1-Large-1024x719.jpg 1024w, https:\/\/www.elregional.cl\/wp-content\/uploads\/2025\/05\/Frontis-San-Luis-1-Large-768x540.jpg 768w, https:\/\/www.elregional.cl\/wp-content\/uploads\/2025\/05\/Frontis-San-Luis-1-Large-1536x1079.jpg 1536w, https:\/\/www.elregional.cl\/wp-content\/uploads\/2025\/05\/Frontis-San-Luis-1-Large-2048x1439.jpg 2048w\" sizes=\"auto, (max-width: 300px) 100vw, 300px\" \/><\/p>\n<p>Felicidades Colegio San Luis.<\/p>\n","protected":false},"excerpt":{"rendered":"<p>Durante toda la jornada de este s\u00e1bado 17 de mayo apoderados, alumnos y docentes del colegio San Luis ubicado en el barrio El Llano de Coquimbo se dieron cita en el establecimiento para celebrar el D\u00cdA DE LA FAMILIA. En la ocasi\u00f3n su Directora, Pamela Arancibia se\u00f1al\u00f3 que a\u00f1o a a\u00f1o se abren las puertas &hellip;<\/p>\n","protected":false},"author":2,"featured_media":6133,"comment_status":"closed","ping_status":"closed","sticky":false,"template":"","format":"standard","meta":{"footnotes":""},"categories":[2],"tags":[],"class_list":["post-6128","post","type-post","status-publish","format-standard","has-post-thumbnail","hentry","category-regionales"],"_links":{"self":[{"href":"https:\/\/www.elregional.cl\/index.php?rest_route=\/wp\/v2\/posts\/6128","targetHints":{"allow":["GET"]}}],"collection":[{"href":"https:\/\/www.elregional.cl\/index.php?rest_route=\/wp\/v2\/posts"}],"about":[{"href":"https:\/\/www.elregional.cl\/index.php?rest_route=\/wp\/v2\/types\/post"}],"author":[{"embeddable":true,"href":"https:\/\/www.elregional.cl\/index.php?rest_route=\/wp\/v2\/users\/2"}],"replies":[{"embeddable":true,"href":"https:\/\/www.elregional.cl\/index.php?rest_route=%2Fwp%2Fv2%2Fcomments&post=6128"}],"version-history":[{"count":1,"href":"https:\/\/www.elregional.cl\/index.php?rest_route=\/wp\/v2\/posts\/6128\/revisions"}],"predecessor-version":[{"id":6134,"href":"https:\/\/www.elregional.cl\/index.php?rest_route=\/wp\/v2\/posts\/6128\/revisions\/6134"}],"wp:featuredmedia":[{"embeddable":true,"href":"https:\/\/www.elregional.cl\/index.php?rest_route=\/wp\/v2\/media\/6133"}],"wp:attachment":[{"href":"https:\/\/www.elregional.cl\/index.php?rest_route=%2Fwp%2Fv2%2Fmedia&parent=6128"}],"wp:term":[{"taxonomy":"category","embeddable":true,"href":"https:\/\/www.elregional.cl\/index.php?rest_route=%2Fwp%2Fv2%2Fcategories&post=6128"},{"taxonomy":"post_tag","embeddable":true,"href":"https:\/\/www.elregional.cl\/index.php?rest_route=%2Fwp%2Fv2%2Ftags&post=6128"}],"curies":[{"name":"wp","href":"https:\/\/api.w.org\/{rel}","templated":true}]}}