{"id":621,"date":"2024-08-23T17:48:14","date_gmt":"2024-08-23T17:48:14","guid":{"rendered":"https:\/\/www.elregional.cl\/?p=621"},"modified":"2024-08-23T17:48:14","modified_gmt":"2024-08-23T17:48:14","slug":"carabineros-detuvo-a-dos-peligrosos-delincuentes-que-sembraban-el-terror-en-ovalle","status":"publish","type":"post","link":"https:\/\/www.elregional.cl\/?p=621","title":{"rendered":"Carabineros detuvo a dos peligrosos delincuentes que sembraban el terror en Ovalle."},"content":{"rendered":"<p>Los delitos, cometidos entre mayo y julio de este a\u00f1o, hab\u00edan generado preocupaci\u00f3n en la comunidad local. La investigaci\u00f3n, liderada por la\u00a0<a title=\"\" href=\"http:\/\/www.fiscaliadechile.cl\/Fiscalia\/fiscalias_coquimbo\/laserena.jsp\" target=\"_blank\" rel=\"noopener nofollow\">Fiscal\u00eda local<\/a>\u00a0y la secci\u00f3n policial de la comisar\u00eda, permiti\u00f3 identificar y detener a los responsables.<\/p>\n<p>Uno de los detenidos es un ciudadano colombiano, quien actualmente se encuentra en prisi\u00f3n preventiva por otro delito. El segundo detenido es un ciudadano chileno, quien fue arrestado en su domicilio. Durante el registro de la vivienda, se encontraron diversos elementos incriminatorios, incluyendo una pistola de aire comprimido, marihuana a granel, una planta de marihuana, tel\u00e9fonos celulares y una tablet.<\/p>\n<p>El ciudadano chileno ser\u00e1 presentado a control de detenci\u00f3n durante este viernes, donde se determinar\u00e1 su situaci\u00f3n legal.<\/p>\n<p>La operaci\u00f3n policial es un claro ejemplo de la coordinaci\u00f3n y eficiencia entre la Fiscal\u00eda y las fuerzas de seguridad locales, demostrando su compromiso con la seguridad y el bienestar de los habitantes de Ovalle.<\/p>\n","protected":false},"excerpt":{"rendered":"<p>Los delitos, cometidos entre mayo y julio de este a\u00f1o, hab\u00edan generado preocupaci\u00f3n en la comunidad local. La investigaci\u00f3n, liderada por la\u00a0Fiscal\u00eda local\u00a0y la secci\u00f3n policial de la comisar\u00eda, permiti\u00f3 identificar y detener a los responsables. Uno de los detenidos es un ciudadano colombiano, quien actualmente se encuentra en prisi\u00f3n preventiva por otro delito. El &hellip;<\/p>\n","protected":false},"author":2,"featured_media":0,"comment_status":"closed","ping_status":"closed","sticky":false,"template":"","format":"standard","meta":{"footnotes":""},"categories":[2],"tags":[],"class_list":["post-621","post","type-post","status-publish","format-standard","hentry","category-regionales"],"_links":{"self":[{"href":"https:\/\/www.elregional.cl\/index.php?rest_route=\/wp\/v2\/posts\/621","targetHints":{"allow":["GET"]}}],"collection":[{"href":"https:\/\/www.elregional.cl\/index.php?rest_route=\/wp\/v2\/posts"}],"about":[{"href":"https:\/\/www.elregional.cl\/index.php?rest_route=\/wp\/v2\/types\/post"}],"author":[{"embeddable":true,"href":"https:\/\/www.elregional.cl\/index.php?rest_route=\/wp\/v2\/users\/2"}],"replies":[{"embeddable":true,"href":"https:\/\/www.elregional.cl\/index.php?rest_route=%2Fwp%2Fv2%2Fcomments&post=621"}],"version-history":[{"count":1,"href":"https:\/\/www.elregional.cl\/index.php?rest_route=\/wp\/v2\/posts\/621\/revisions"}],"predecessor-version":[{"id":623,"href":"https:\/\/www.elregional.cl\/index.php?rest_route=\/wp\/v2\/posts\/621\/revisions\/623"}],"wp:attachment":[{"href":"https:\/\/www.elregional.cl\/index.php?rest_route=%2Fwp%2Fv2%2Fmedia&parent=621"}],"wp:term":[{"taxonomy":"category","embeddable":true,"href":"https:\/\/www.elregional.cl\/index.php?rest_route=%2Fwp%2Fv2%2Fcategories&post=621"},{"taxonomy":"post_tag","embeddable":true,"href":"https:\/\/www.elregional.cl\/index.php?rest_route=%2Fwp%2Fv2%2Ftags&post=621"}],"curies":[{"name":"wp","href":"https:\/\/api.w.org\/{rel}","templated":true}]}}