{"id":6340,"date":"2025-05-23T11:57:37","date_gmt":"2025-05-23T11:57:37","guid":{"rendered":"https:\/\/www.elregional.cl\/?p=6340"},"modified":"2025-05-23T11:57:37","modified_gmt":"2025-05-23T11:57:37","slug":"chileno-de-43-anos-muere-tras-accidente-en-australia-fue-aplastado-por-un-carro-de-arrastre","status":"publish","type":"post","link":"https:\/\/www.elregional.cl\/?p=6340","title":{"rendered":"Chileno de 43 a\u00f1os muere tras accidente en Australia: Fue aplastado por un carro de arrastre"},"content":{"rendered":"<div class=\"div_titulo\">\n<h1 id=\"ucDetalle_TituloNoticia\"><\/h1>\n<\/div>\n<div class=\"div_h2\">\n<h5 id=\"ucDetalle_BajadaNoticia\">Emol.cl<\/h5>\n<h5>Familiares de \u00c1lex Lemus viajaron hoy hacia el pa\u00eds oce\u00e1nico para realizar los respectivos tr\u00e1mites funerarios y evaluar la posibilidad de trasladar el cuerpo a Chile.<\/h5>\n<\/div>\n<div class=\"contenedor-columnas\" data-vista=\"relato\">\n<div class=\"box-central\">\n<div class=\"mrcdr_cont_relato\"><\/div>\n<\/div>\n<div class=\"box-columna\"><\/div>\n<\/div>\n<div class=\"contenedor_medios_relacionados\"><\/div>\n<div class=\"contenedor_social_emol\"><\/div>\n<div id=\"ucDetalle_CuerpoNoticia\" class=\"cuerpo_noticia cuerpo_noti_height_full\">\n<div><b>Un chileno de 43 a\u00f1os<\/b>\u00a0falleci\u00f3 el mi\u00e9rcoles en\u00a0<b>Australia<\/b>, en el sector de Gold Coast, tras sufrir un accidente con un carro de arrastre.<\/div>\n<div><\/div>\n<div>Se trata de\u00a0<b>\u00c1lex Lemus Cornejo,<\/b>\u00a0quien se encontraba radicado en el pa\u00eds oce\u00e1nico desde hace m\u00e1s de dos d\u00e9cadas. Ten\u00eda cuatro hijos, todos residentes de Australia.<\/div>\n<div><\/div>\n<div>Seg\u00fan antecedentes proporcionados por la polic\u00eda local,<b>\u00a0el connacional muri\u00f3 luego de ser aplastado por su propio remolque,<\/b>\u00a0el cual se solt\u00f3 en una calle empinada.<\/div>\n<div><\/div>\n<div>De acuerdo a lo informado, Lemus trat\u00f3 de frenar el avance del carro, pero fue empujado hacia un poste, sufriendo graves lesiones.<\/div>\n<div><\/div>\n<div><b>Si bien fue derivado hasta un recinto asistencial, falleci\u00f3 durante el traslado.<\/b><\/div>\n<div><\/div>\n<div>El hecho ocurri\u00f3 mientras el chileno ayudaba a mudarse a su exesposa, quien es madre de sus cuatro hijos.<\/div>\n<div>\n<b>Familiares de la v\u00edctima viajaron esta jornada hasta Australia<\/b>, a fin de realizar los respectivos tr\u00e1mites funerarios y evaluar la posibilidad de trasladar el cuerpo a Chile.<\/div>\n<div><\/div>\n<div>\n<h2>Hombre trabajador y cari\u00f1oso<\/h2>\n<\/div>\n<div><\/div>\n<div>\n<div>Oriundo de la poblaci\u00f3n Santo Tom\u00e1s de La Pintana, en la zona sur de Santiago,\u00a0<b>\u00c1lex Lemus viaj\u00f3 hacia Australia poco despu\u00e9s de cumplir la mayor\u00eda de edad.<\/b><\/div>\n<div><\/div>\n<div>Fue en busca de nuevas oportunidades y al poco tiempo inici\u00f3 una relaci\u00f3n con una chilena que tambi\u00e9n estaba radicada en el pa\u00eds oce\u00e1nico. Con ella tuvo tres ni\u00f1os y una ni\u00f1a.<\/div>\n<div><\/div>\n<div><b>Esthefanie Lemus,<\/b>\u00a0prima de \u00c1lex, lo describi\u00f3 como un hombre \u00abcari\u00f1oso y muy trabajador\u00bb.<\/div>\n<div><\/div>\n<div>\u00abEra un hombre de familia, daba todo por sus cuatro hijos. Buen padre, buen hermano y excelente hijo\u00bb, asegur\u00f3, en di\u00e1logo con\u00a0<b>Emol<\/b>.<\/div>\n<\/div>\n<div><\/div>\n<div><b>\u00ab\u00c9l se fue de Chile con una mochila cargada de sue\u00f1os<\/b>. Cumpli\u00f3 sus sue\u00f1os, pero qui\u00e9n iba a pensar que su desenlace iba a ser as\u00ed. Hace poco se hab\u00eda comprado una camioneta y hab\u00eda validado su t\u00edtulo de electricista\u00bb, agreg\u00f3.<\/div>\n<div><\/div>\n<div>Se espera que los familiares de \u00c1lex lleguen esta jornada a Australia, donde deber\u00e1n realizar una serie de tr\u00e1mites para celebrar su entierro, o bien, tratar de trasladar su cuerpo hacia Chile, donde se encuentran sus padres.<\/div>\n<\/div>\n","protected":false},"excerpt":{"rendered":"<p>Emol.cl Familiares de \u00c1lex Lemus viajaron hoy hacia el pa\u00eds oce\u00e1nico para realizar los respectivos tr\u00e1mites funerarios y evaluar la posibilidad de trasladar el cuerpo a Chile. Un chileno de 43 a\u00f1os\u00a0falleci\u00f3 el mi\u00e9rcoles en\u00a0Australia, en el sector de Gold Coast, tras sufrir un accidente con un carro de arrastre. Se trata de\u00a0\u00c1lex Lemus Cornejo,\u00a0quien &hellip;<\/p>\n","protected":false},"author":2,"featured_media":6341,"comment_status":"closed","ping_status":"closed","sticky":false,"template":"","format":"standard","meta":{"footnotes":""},"categories":[4],"tags":[],"class_list":["post-6340","post","type-post","status-publish","format-standard","has-post-thumbnail","hentry","category-mundo"],"_links":{"self":[{"href":"https:\/\/www.elregional.cl\/index.php?rest_route=\/wp\/v2\/posts\/6340","targetHints":{"allow":["GET"]}}],"collection":[{"href":"https:\/\/www.elregional.cl\/index.php?rest_route=\/wp\/v2\/posts"}],"about":[{"href":"https:\/\/www.elregional.cl\/index.php?rest_route=\/wp\/v2\/types\/post"}],"author":[{"embeddable":true,"href":"https:\/\/www.elregional.cl\/index.php?rest_route=\/wp\/v2\/users\/2"}],"replies":[{"embeddable":true,"href":"https:\/\/www.elregional.cl\/index.php?rest_route=%2Fwp%2Fv2%2Fcomments&post=6340"}],"version-history":[{"count":1,"href":"https:\/\/www.elregional.cl\/index.php?rest_route=\/wp\/v2\/posts\/6340\/revisions"}],"predecessor-version":[{"id":6342,"href":"https:\/\/www.elregional.cl\/index.php?rest_route=\/wp\/v2\/posts\/6340\/revisions\/6342"}],"wp:featuredmedia":[{"embeddable":true,"href":"https:\/\/www.elregional.cl\/index.php?rest_route=\/wp\/v2\/media\/6341"}],"wp:attachment":[{"href":"https:\/\/www.elregional.cl\/index.php?rest_route=%2Fwp%2Fv2%2Fmedia&parent=6340"}],"wp:term":[{"taxonomy":"category","embeddable":true,"href":"https:\/\/www.elregional.cl\/index.php?rest_route=%2Fwp%2Fv2%2Fcategories&post=6340"},{"taxonomy":"post_tag","embeddable":true,"href":"https:\/\/www.elregional.cl\/index.php?rest_route=%2Fwp%2Fv2%2Ftags&post=6340"}],"curies":[{"name":"wp","href":"https:\/\/api.w.org\/{rel}","templated":true}]}}