{"id":6359,"date":"2025-05-23T19:38:59","date_gmt":"2025-05-23T19:38:59","guid":{"rendered":"https:\/\/www.elregional.cl\/?p=6359"},"modified":"2025-05-23T19:38:59","modified_gmt":"2025-05-23T19:38:59","slug":"gareca-anuncio-nomina-de-la-roja-para-enfrentar-a-argentina-y-bolivia-por-clasificatorias","status":"publish","type":"post","link":"https:\/\/www.elregional.cl\/?p=6359","title":{"rendered":"Gareca anunci\u00f3 n\u00f3mina de La Roja para enfrentar a Argentina y Bolivia por Clasificatorias"},"content":{"rendered":"<p>Adem\u00e1s llama la atenci\u00f3n la ausencia de los dos centrodelanteros citados en la fecha pasada,\u00a0<strong>Eduardo Vargas y Fernando Zampedri.<\/strong><\/p>\n<p><strong>Chile recibir\u00e1 a Argentina en el Estadio Nacional el jueves 5 de junio a las 21:00 horas<\/strong>\u00a0(01:00 GMT), para luego visitar a\u00a0<strong>Bolivia en El Alto el martes 10 a las 16:00<\/strong>\u00a0(20:00 GMT). Podr\u00e1s seguir ambos duelos en Cooperativa Deportes y Cooperativa.cl.<\/p>\n<p><strong>Esta es la n\u00f3mina<\/strong><\/p>\n<p><strong>Arqueros<\/strong><\/p>\n<ul>\n<li>Brayan Cort\u00e9s (Colo Colo)<\/li>\n<li>Lawrence Vigouroux (Swansea, GAL)<\/li>\n<li>Gabriel Castell\u00f3n (Universidad de Chile)<\/li>\n<\/ul>\n<p><strong>Defensas<\/strong><\/p>\n<ul>\n<li>Fabi\u00e1n Horm\u00e1zabal (Universidad de Chile)<\/li>\n<li>Felipe Loyola (Independiente, ARG)<\/li>\n<li>Nicol\u00e1s Fern\u00e1ndez (Universidad de Chile)<\/li>\n<li>Guillermo Marip\u00e1n (Torino, ITA)<\/li>\n<li>Benjam\u00edn Kuscevic (Fortaleza, BRA)<\/li>\n<li>Igor Lichnovsky (Am\u00e9rica, MEX)<\/li>\n<li>Paulo D\u00edaz (River Plate, ARG)<\/li>\n<li>Francisco Sierralta (Watford, ENG)<\/li>\n<li>Gabriel Suazo (Toulouse, FRA)<\/li>\n<li>Esteban Matus (Audax Italiano, CHI)<\/li>\n<\/ul>\n<p><strong>Mediocampistas<\/strong><\/p>\n<ul>\n<li>Rodrigo Echeverr\u00eda (Le\u00f3n, MEX)<\/li>\n<li>Esteban Pavez (Colo Colo)<\/li>\n<li>Rodrigo Ure\u00f1a (Universitario, PER)<\/li>\n<li>Arturo Vidal (Colo Colo)<\/li>\n<li>Luciano Cabral (Independiente, ARG)<\/li>\n<li>Marcelino N\u00fa\u00f1ez (Norwich City, ENG)<\/li>\n<li>Charles Ar\u00e1nguiz (Universidad de Chile)<\/li>\n<li>Vicente Pizarro (Colo Colo)<\/li>\n<li>Javier Altamirano (Universidad de Chile)<\/li>\n<\/ul>\n<p><strong>Delanteros<\/strong><\/p>\n<ul>\n<li>Maximiliano Guerrero (Universidad de Chile)<\/li>\n<li>Dar\u00edo Osorio (Midtjylland, DIN)<\/li>\n<li>Lucas Cepeda (Colo Colo)<\/li>\n<li>Alexander Aravena (Gremio, BRA)<\/li>\n<li>V\u00edctor D\u00e1vila (Am\u00e9rica, MEX)<\/li>\n<li>Alexis S\u00e1nchez (Udinese, ITA)<\/li>\n<\/ul>\n","protected":false},"excerpt":{"rendered":"<p>Adem\u00e1s llama la atenci\u00f3n la ausencia de los dos centrodelanteros citados en la fecha pasada,\u00a0Eduardo Vargas y Fernando Zampedri. Chile recibir\u00e1 a Argentina en el Estadio Nacional el jueves 5 de junio a las 21:00 horas\u00a0(01:00 GMT), para luego visitar a\u00a0Bolivia en El Alto el martes 10 a las 16:00\u00a0(20:00 GMT). Podr\u00e1s seguir ambos duelos &hellip;<\/p>\n","protected":false},"author":2,"featured_media":6360,"comment_status":"closed","ping_status":"closed","sticky":false,"template":"","format":"standard","meta":{"footnotes":""},"categories":[5],"tags":[],"class_list":["post-6359","post","type-post","status-publish","format-standard","has-post-thumbnail","hentry","category-deportes"],"_links":{"self":[{"href":"https:\/\/www.elregional.cl\/index.php?rest_route=\/wp\/v2\/posts\/6359","targetHints":{"allow":["GET"]}}],"collection":[{"href":"https:\/\/www.elregional.cl\/index.php?rest_route=\/wp\/v2\/posts"}],"about":[{"href":"https:\/\/www.elregional.cl\/index.php?rest_route=\/wp\/v2\/types\/post"}],"author":[{"embeddable":true,"href":"https:\/\/www.elregional.cl\/index.php?rest_route=\/wp\/v2\/users\/2"}],"replies":[{"embeddable":true,"href":"https:\/\/www.elregional.cl\/index.php?rest_route=%2Fwp%2Fv2%2Fcomments&post=6359"}],"version-history":[{"count":1,"href":"https:\/\/www.elregional.cl\/index.php?rest_route=\/wp\/v2\/posts\/6359\/revisions"}],"predecessor-version":[{"id":6361,"href":"https:\/\/www.elregional.cl\/index.php?rest_route=\/wp\/v2\/posts\/6359\/revisions\/6361"}],"wp:featuredmedia":[{"embeddable":true,"href":"https:\/\/www.elregional.cl\/index.php?rest_route=\/wp\/v2\/media\/6360"}],"wp:attachment":[{"href":"https:\/\/www.elregional.cl\/index.php?rest_route=%2Fwp%2Fv2%2Fmedia&parent=6359"}],"wp:term":[{"taxonomy":"category","embeddable":true,"href":"https:\/\/www.elregional.cl\/index.php?rest_route=%2Fwp%2Fv2%2Fcategories&post=6359"},{"taxonomy":"post_tag","embeddable":true,"href":"https:\/\/www.elregional.cl\/index.php?rest_route=%2Fwp%2Fv2%2Ftags&post=6359"}],"curies":[{"name":"wp","href":"https:\/\/api.w.org\/{rel}","templated":true}]}}