{"id":636,"date":"2024-08-23T19:04:30","date_gmt":"2024-08-23T19:04:30","guid":{"rendered":"https:\/\/www.elregional.cl\/?p=636"},"modified":"2024-08-23T19:04:30","modified_gmt":"2024-08-23T19:04:30","slug":"carabineros-detuvo-a-una-pareja-de-estafadores-en-sector-guayacan-de-coquimbo","status":"publish","type":"post","link":"https:\/\/www.elregional.cl\/?p=636","title":{"rendered":"Carabineros detuvo a una pareja de estafadores en sector Guayac\u00e1n de Coquimbo."},"content":{"rendered":"<p>40 reiteraciones acumulan en conjunto,\u00a0 dos detenidos por efectivos de Carabineros de la 2\u00aa Comisar\u00eda Coquimbo, tras un operativo reforzado por el sector de Guayac\u00e1n en la comuna puerto durante las \u00faltimas horas.<\/p>\n<p><img loading=\"lazy\" decoding=\"async\" class=\"alignnone size-medium wp-image-637\" src=\"https:\/\/www.elregional.cl\/wp-content\/uploads\/2024\/08\/FB_IMG_1724439040923-300x168.jpg\" alt=\"\" width=\"300\" height=\"168\" \/><\/p>\n<p>Se trata de un hombre y una mujer, ambos quienes manten\u00edan \u00f3rdenes vigentes por hurto y estafa respectivamente, adem\u00e1s de un nutrido prontuario delictual.<\/p>\n<p>Ambos individuos fueron puestos a disposici\u00f3n de la Fiscal\u00eda de Coquimbo.<\/p>\n<p><img loading=\"lazy\" decoding=\"async\" class=\"alignnone size-medium wp-image-638\" src=\"https:\/\/www.elregional.cl\/wp-content\/uploads\/2024\/08\/FB_IMG_1724439049271-300x188.jpg\" alt=\"\" width=\"300\" height=\"188\" \/><\/p>\n","protected":false},"excerpt":{"rendered":"<p>40 reiteraciones acumulan en conjunto,\u00a0 dos detenidos por efectivos de Carabineros de la 2\u00aa Comisar\u00eda Coquimbo, tras un operativo reforzado por el sector de Guayac\u00e1n en la comuna puerto durante las \u00faltimas horas. Se trata de un hombre y una mujer, ambos quienes manten\u00edan \u00f3rdenes vigentes por hurto y estafa respectivamente, adem\u00e1s de un nutrido &hellip;<\/p>\n","protected":false},"author":2,"featured_media":0,"comment_status":"closed","ping_status":"closed","sticky":false,"template":"","format":"standard","meta":{"footnotes":""},"categories":[13],"tags":[],"class_list":["post-636","post","type-post","status-publish","format-standard","hentry","category-coquimbo"],"_links":{"self":[{"href":"https:\/\/www.elregional.cl\/index.php?rest_route=\/wp\/v2\/posts\/636","targetHints":{"allow":["GET"]}}],"collection":[{"href":"https:\/\/www.elregional.cl\/index.php?rest_route=\/wp\/v2\/posts"}],"about":[{"href":"https:\/\/www.elregional.cl\/index.php?rest_route=\/wp\/v2\/types\/post"}],"author":[{"embeddable":true,"href":"https:\/\/www.elregional.cl\/index.php?rest_route=\/wp\/v2\/users\/2"}],"replies":[{"embeddable":true,"href":"https:\/\/www.elregional.cl\/index.php?rest_route=%2Fwp%2Fv2%2Fcomments&post=636"}],"version-history":[{"count":1,"href":"https:\/\/www.elregional.cl\/index.php?rest_route=\/wp\/v2\/posts\/636\/revisions"}],"predecessor-version":[{"id":639,"href":"https:\/\/www.elregional.cl\/index.php?rest_route=\/wp\/v2\/posts\/636\/revisions\/639"}],"wp:attachment":[{"href":"https:\/\/www.elregional.cl\/index.php?rest_route=%2Fwp%2Fv2%2Fmedia&parent=636"}],"wp:term":[{"taxonomy":"category","embeddable":true,"href":"https:\/\/www.elregional.cl\/index.php?rest_route=%2Fwp%2Fv2%2Fcategories&post=636"},{"taxonomy":"post_tag","embeddable":true,"href":"https:\/\/www.elregional.cl\/index.php?rest_route=%2Fwp%2Fv2%2Ftags&post=636"}],"curies":[{"name":"wp","href":"https:\/\/api.w.org\/{rel}","templated":true}]}}