{"id":6429,"date":"2025-05-26T04:50:58","date_gmt":"2025-05-26T04:50:58","guid":{"rendered":"https:\/\/www.elregional.cl\/?p=6429"},"modified":"2025-05-26T04:50:58","modified_gmt":"2025-05-26T04:50:58","slug":"la-serena-detienen-a-adolescente-de-17-anos-portaba-pistola-y-se-desplazaba-en-auto-robado-minutos-antes","status":"publish","type":"post","link":"https:\/\/www.elregional.cl\/?p=6429","title":{"rendered":"La Serena: Detienen a adolescente de 17 a\u00f1os. Portaba pistola y se desplazaba en auto robado minutos antes"},"content":{"rendered":"<div class=\"td_block_wrap tdb_title tdi_14 tdb-single-title td-pb-border-top td_block_template_1\" data-td-block-uid=\"tdi_14\">\n<h1 class=\"tdb-title-text\"><\/h1>\n<\/div>\n<div class=\"td_block_wrap tdb_single_post_views tdi_18 td-pb-border-top td_block_template_1 tdb-post-meta\" data-td-block-uid=\"tdi_18\">\n<div class=\"tdb-block-inner td-fix-index\">\n<i class=\"tdb-views-icon td-icon-views\"><\/i><\/div>\n<\/div>\n<div class=\"td_block_wrap tdb_single_content tdi_22 td-pb-border-top td_block_template_1 td-post-content tagdiv-type\" data-td-block-uid=\"tdi_22\">\n<div class=\"tdb-block-inner td-fix-index\">\n<p>Personal de la Subcomisar\u00eda del sector La Florida de La Serena detuvieron esta madrugada de jueves a un joven de 17 a\u00f1os de edad, luego de ser sorprendido desplaz\u00e1ndose en un veh\u00edculo que hab\u00eda sido robado minutos antes en el borde costero de la conurbaci\u00f3n. Portaba un arma de fuego. El adolescente ten\u00eda 9 reiteraciones previas por diferentes delitos. Fue puesto a disposici\u00f3n del Ministerio P\u00fablico.<\/p>\n<\/div>\n<\/div>\n","protected":false},"excerpt":{"rendered":"<p>Personal de la Subcomisar\u00eda del sector La Florida de La Serena detuvieron esta madrugada de jueves a un joven de 17 a\u00f1os de edad, luego de ser sorprendido desplaz\u00e1ndose en un veh\u00edculo que hab\u00eda sido robado minutos antes en el borde costero de la conurbaci\u00f3n. Portaba un arma de fuego. El adolescente ten\u00eda 9 reiteraciones &hellip;<\/p>\n","protected":false},"author":2,"featured_media":6430,"comment_status":"closed","ping_status":"closed","sticky":false,"template":"","format":"standard","meta":{"footnotes":""},"categories":[2],"tags":[],"class_list":["post-6429","post","type-post","status-publish","format-standard","has-post-thumbnail","hentry","category-regionales"],"_links":{"self":[{"href":"https:\/\/www.elregional.cl\/index.php?rest_route=\/wp\/v2\/posts\/6429","targetHints":{"allow":["GET"]}}],"collection":[{"href":"https:\/\/www.elregional.cl\/index.php?rest_route=\/wp\/v2\/posts"}],"about":[{"href":"https:\/\/www.elregional.cl\/index.php?rest_route=\/wp\/v2\/types\/post"}],"author":[{"embeddable":true,"href":"https:\/\/www.elregional.cl\/index.php?rest_route=\/wp\/v2\/users\/2"}],"replies":[{"embeddable":true,"href":"https:\/\/www.elregional.cl\/index.php?rest_route=%2Fwp%2Fv2%2Fcomments&post=6429"}],"version-history":[{"count":1,"href":"https:\/\/www.elregional.cl\/index.php?rest_route=\/wp\/v2\/posts\/6429\/revisions"}],"predecessor-version":[{"id":6431,"href":"https:\/\/www.elregional.cl\/index.php?rest_route=\/wp\/v2\/posts\/6429\/revisions\/6431"}],"wp:featuredmedia":[{"embeddable":true,"href":"https:\/\/www.elregional.cl\/index.php?rest_route=\/wp\/v2\/media\/6430"}],"wp:attachment":[{"href":"https:\/\/www.elregional.cl\/index.php?rest_route=%2Fwp%2Fv2%2Fmedia&parent=6429"}],"wp:term":[{"taxonomy":"category","embeddable":true,"href":"https:\/\/www.elregional.cl\/index.php?rest_route=%2Fwp%2Fv2%2Fcategories&post=6429"},{"taxonomy":"post_tag","embeddable":true,"href":"https:\/\/www.elregional.cl\/index.php?rest_route=%2Fwp%2Fv2%2Ftags&post=6429"}],"curies":[{"name":"wp","href":"https:\/\/api.w.org\/{rel}","templated":true}]}}