{"id":6438,"date":"2025-05-26T05:16:00","date_gmt":"2025-05-26T05:16:00","guid":{"rendered":"https:\/\/www.elregional.cl\/?p=6438"},"modified":"2025-05-26T05:16:00","modified_gmt":"2025-05-26T05:16:00","slug":"xabi-alonso-es-oficializado-como-entrenador-del-real-madrid","status":"publish","type":"post","link":"https:\/\/www.elregional.cl\/?p=6438","title":{"rendered":"Xabi Alonso es oficializado como entrenador del Real Madrid"},"content":{"rendered":"<p>El club de f\u00fatbol espa\u00f1ol Real Madrid anunci\u00f3 este domingo la llegada de Xabi Alonso como reemplazante del italiano Carlo Ancelotti en el banco, en el regreso a la casa blanca tras su etapa como jugador en ese plantel y despu\u00e9s de dar sus primeros pasos como t\u00e9cnico en la cantera blanca, antes de dirigir a la Real Sociedad B y triunfar en el Bayer Leverkusen, de Alemania.<\/p>\n<p>\u201cEl Real Madrid C.F. comunica que Xabi Alonso ser\u00e1 el entrenador del Real Madrid las pr\u00f3ximas tres temporadas, desde el 1 de junio de 2025 hasta el 30 de junio de 2028\u201d, anunci\u00f3 el club en un comunicado, oficializando una informaci\u00f3n que circulaba como rumor desde hace semanas. Alonso triunf\u00f3 en el equipo merengue como jugador y t\u00e9cnico de la cantera, desde donde se march\u00f3 en 2019 y recal\u00f3 en Leverkusen en 2022.<\/p>\n","protected":false},"excerpt":{"rendered":"<p>El club de f\u00fatbol espa\u00f1ol Real Madrid anunci\u00f3 este domingo la llegada de Xabi Alonso como reemplazante del italiano Carlo Ancelotti en el banco, en el regreso a la casa blanca tras su etapa como jugador en ese plantel y despu\u00e9s de dar sus primeros pasos como t\u00e9cnico en la cantera blanca, antes de dirigir &hellip;<\/p>\n","protected":false},"author":2,"featured_media":6439,"comment_status":"closed","ping_status":"closed","sticky":false,"template":"","format":"standard","meta":{"footnotes":""},"categories":[5],"tags":[],"class_list":["post-6438","post","type-post","status-publish","format-standard","has-post-thumbnail","hentry","category-deportes"],"_links":{"self":[{"href":"https:\/\/www.elregional.cl\/index.php?rest_route=\/wp\/v2\/posts\/6438","targetHints":{"allow":["GET"]}}],"collection":[{"href":"https:\/\/www.elregional.cl\/index.php?rest_route=\/wp\/v2\/posts"}],"about":[{"href":"https:\/\/www.elregional.cl\/index.php?rest_route=\/wp\/v2\/types\/post"}],"author":[{"embeddable":true,"href":"https:\/\/www.elregional.cl\/index.php?rest_route=\/wp\/v2\/users\/2"}],"replies":[{"embeddable":true,"href":"https:\/\/www.elregional.cl\/index.php?rest_route=%2Fwp%2Fv2%2Fcomments&post=6438"}],"version-history":[{"count":1,"href":"https:\/\/www.elregional.cl\/index.php?rest_route=\/wp\/v2\/posts\/6438\/revisions"}],"predecessor-version":[{"id":6440,"href":"https:\/\/www.elregional.cl\/index.php?rest_route=\/wp\/v2\/posts\/6438\/revisions\/6440"}],"wp:featuredmedia":[{"embeddable":true,"href":"https:\/\/www.elregional.cl\/index.php?rest_route=\/wp\/v2\/media\/6439"}],"wp:attachment":[{"href":"https:\/\/www.elregional.cl\/index.php?rest_route=%2Fwp%2Fv2%2Fmedia&parent=6438"}],"wp:term":[{"taxonomy":"category","embeddable":true,"href":"https:\/\/www.elregional.cl\/index.php?rest_route=%2Fwp%2Fv2%2Fcategories&post=6438"},{"taxonomy":"post_tag","embeddable":true,"href":"https:\/\/www.elregional.cl\/index.php?rest_route=%2Fwp%2Fv2%2Ftags&post=6438"}],"curies":[{"name":"wp","href":"https:\/\/api.w.org\/{rel}","templated":true}]}}